{"id":44072,"date":"2014-06-01T02:40:36","date_gmt":"2014-06-01T05:40:36","guid":{"rendered":"http:\/\/www.locoxelrojo.com.ar\/independiente\/?p=44072"},"modified":"2014-06-04T13:21:13","modified_gmt":"2014-06-04T16:21:13","slug":"otra-final","status":"publish","type":"post","link":"https:\/\/www.locoxelrojo.com\/independiente\/2014\/06\/01\/otra-final\/","title":{"rendered":"Otra final"},"content":{"rendered":"<p><strong>Esta tarde, a partir de las 17, Independiente visita a Instituto por la fecha 41 de la B Nacional 2013\/2014. Con el arbitraje de Patricio Loustau, el Rojo va por otra final que lo devuelva a la Primera Divisi\u00f3n.<\/strong><\/p>\n<p>Lleg\u00f3 el partido m\u00e1s esperado. Instituto e Independiente se miden en el Juan Domingo Per\u00f3n, en un encuentro clave por la lucha del ascenso. <strong>Si los dirigidos por Omar De Felippe vencen a la Gloria y Hurac\u00e1n no suma de a tres, el Rojo volver\u00e1 a ser de Primera.<\/strong><\/p>\n<p><strong>Con la vuelta de Federico Mancuello, quien cumpli\u00f3 las dos fechas de suspensi\u00f3n, De Felippe meter\u00e1 una sola variante. Claudio Morel Rodr\u00edguez ser\u00e1 quien deje la titularidad por su expulsi\u00f3n ante Defensa y Justicia.<\/strong> El resto, ser\u00e1 el mismo equipo que consigui\u00f3 los tres puntos frente a los de Varela.<\/p>\n<p>Por su parte, <strong>Instituto viene de caer por 1 a 0 ante Ferro y suma 62 puntos en el campeonato, uno menos que Independiente. Los de Daniel Jim\u00e9nez disputaron 20 partidos en C\u00f3rdoba en lo que va del certamen y solamente perdieron en dos oportunidades: ante Banfield por 2 a 1 en la jornada 9 y 3 a 1 con Uni\u00f3n por la fecha 13.<\/strong><\/p>\n<p><strong>Probables formaciones:<\/strong><\/p>\n<p><strong>Independiente:<\/strong> Diego Rodr\u00edguez; Gabriel Vall\u00e9s, Cristian Tula, Sergio Ojeda, Federico Mancuello; Mart\u00edn Zapata, Franco Bellocq; Mat\u00edas Pisano, Daniel Montenegro, Federico Ins\u00faa; Sebasti\u00e1n Penco.<br \/>\n<strong>DT:<\/strong> Omar De Felippe.<\/p>\n<p><strong>Instituto:<\/strong> Julio Chiarini; Ra\u00fal Damiani, Pablo Frontini, Dami\u00e1n Schmidt, Pablo De Miranda; Emiliano Tellechea, Federico Vismara, Lucas Favalli, Maximiliano Correa; Sebasti\u00e1n Ereros y Juan Mart\u00edn.<br \/>\n<strong>DT:<\/strong> Daniel Jim\u00e9nez.<\/p>\n<p><strong>\u00c1rbitro:<\/strong> Patricio Loustau.<\/p>\n<p><strong>Hora:<\/strong> 17:00.<\/p>\n<p><strong>Estadio:<\/strong> Juan Domingo Per\u00f3n.<\/p>\n","protected":false},"excerpt":{"rendered":"<p>Esta tarde, a partir de las 17, Independiente visita a Instituto por la fecha 41 de la B Nacional 2013\/2014. Con el arbitraje de Patricio Loustau, el Rojo va por otra final que lo devuelva a la Primera Divisi\u00f3n. Lleg\u00f3 el partido m\u00e1s esperado. Instituto e Independiente se miden en el Juan Domingo Per\u00f3n, en [&hellip;]<\/p>\n","protected":false},"author":1,"featured_media":44073,"comment_status":"closed","ping_status":"closed","sticky":false,"template":"","format":"standard","meta":{"_links_to":"","_links_to_target":""},"categories":[3,1],"tags":[2330,153,2677,2451,2032,270],"_links":{"self":[{"href":"https:\/\/www.locoxelrojo.com\/independiente\/wp-json\/wp\/v2\/posts\/44072"}],"collection":[{"href":"https:\/\/www.locoxelrojo.com\/independiente\/wp-json\/wp\/v2\/posts"}],"about":[{"href":"https:\/\/www.locoxelrojo.com\/independiente\/wp-json\/wp\/v2\/types\/post"}],"author":[{"embeddable":true,"href":"https:\/\/www.locoxelrojo.com\/independiente\/wp-json\/wp\/v2\/users\/1"}],"replies":[{"embeddable":true,"href":"https:\/\/www.locoxelrojo.com\/independiente\/wp-json\/wp\/v2\/comments?post=44072"}],"version-history":[{"count":0,"href":"https:\/\/www.locoxelrojo.com\/independiente\/wp-json\/wp\/v2\/posts\/44072\/revisions"}],"wp:featuredmedia":[{"embeddable":true,"href":"https:\/\/www.locoxelrojo.com\/independiente\/wp-json\/wp\/v2\/media\/44073"}],"wp:attachment":[{"href":"https:\/\/www.locoxelrojo.com\/independiente\/wp-json\/wp\/v2\/media?parent=44072"}],"wp:term":[{"taxonomy":"category","embeddable":true,"href":"https:\/\/www.locoxelrojo.com\/independiente\/wp-json\/wp\/v2\/categories?post=44072"},{"taxonomy":"post_tag","embeddable":true,"href":"https:\/\/www.locoxelrojo.com\/independiente\/wp-json\/wp\/v2\/tags?post=44072"}],"curies":[{"name":"wp","href":"https:\/\/api.w.org\/{rel}","templated":true}]}}