{"id":44168,"date":"2014-06-03T16:25:52","date_gmt":"2014-06-03T19:25:52","guid":{"rendered":"http:\/\/www.locoxelrojo.com.ar\/independiente\/?p=44168"},"modified":"2014-06-04T14:04:10","modified_gmt":"2014-06-04T17:04:10","slug":"penco-hay-que-jugarse-la-vida-para-devolver-al-club-a-primera","status":"publish","type":"post","link":"https:\/\/www.locoxelrojo.com\/independiente\/2014\/06\/03\/penco-hay-que-jugarse-la-vida-para-devolver-al-club-a-primera\/","title":{"rendered":"Penco: \u201cHay que jugarse la vida para devolver al club a Primera\u201d"},"content":{"rendered":"<p><strong>Sebasti\u00e1n Penco dialog\u00f3 en conferencia de prensa una vez finalizado el entrenamiento de este martes por la ma\u00f1ana en Villa Dom\u00ednico y asegur\u00f3 que el equipo \u201cse jugar\u00e1 la vida para devolver al club a Primera\u201d.<\/strong><\/p>\n<p>El delantero consider\u00f3 que la tranquilidad y la confianza ser\u00e1n fundamentales para el partido del pr\u00f3ximo domingo, cuando el Rojo reciba por la \u00faltima fecha de la B Nacional a Patronato en el Libertadores de Am\u00e9rica. <strong>\u201cTenemos que jugar con tranquilidad, creo que el equipo ha levantado un mont\u00f3n. Hay que jugarse la vida en los 90 minutos porque es el \u00faltimo esfuerzo. Va haber mucha ansiedad, pero tenemos varios d\u00edas para trabajar y pensar en un rival que va a ser dur\u00edsimo porque va a venir a jugarse mucho\u201d<\/strong>, manifest\u00f3.<\/p>\n<p>Adem\u00e1s, hizo referencia al cambio de actitud que hubo en el grupo para poder revertir resultados y volver a conseguir el triunfo. <strong>\u201cCambiamos la mentalidad, sab\u00edamos que \u00edbamos a levantar cuando la confianza levantara, por suerte dependemos de nosotros\u201d<\/strong>, declar\u00f3.<\/p>\n<p>Para finalizar, destac\u00f3 el apoyo y la calma que les transmite Omar De Felippe antes de cada encuentro. <strong>\u201cEst\u00e1 muy contento, vio el esfuerzo que estamos haciendo. Es muy meritorio, nos estamos jugando la vida y queda reflejado en cada pelota\u201d<\/strong>, cerr\u00f3.<\/p>\n","protected":false},"excerpt":{"rendered":"<p>Sebasti\u00e1n Penco dialog\u00f3 en conferencia de prensa una vez finalizado el entrenamiento de este martes por la ma\u00f1ana en Villa Dom\u00ednico y asegur\u00f3 que el equipo \u201cse jugar\u00e1 la vida para devolver al club a Primera\u201d. El delantero consider\u00f3 que la tranquilidad y la confianza ser\u00e1n fundamentales para el partido del pr\u00f3ximo domingo, cuando el [&hellip;]<\/p>\n","protected":false},"author":20,"featured_media":44169,"comment_status":"closed","ping_status":"closed","sticky":false,"template":"","format":"standard","meta":{"_links_to":"","_links_to_target":""},"categories":[3,1],"tags":[702],"_links":{"self":[{"href":"https:\/\/www.locoxelrojo.com\/independiente\/wp-json\/wp\/v2\/posts\/44168"}],"collection":[{"href":"https:\/\/www.locoxelrojo.com\/independiente\/wp-json\/wp\/v2\/posts"}],"about":[{"href":"https:\/\/www.locoxelrojo.com\/independiente\/wp-json\/wp\/v2\/types\/post"}],"author":[{"embeddable":true,"href":"https:\/\/www.locoxelrojo.com\/independiente\/wp-json\/wp\/v2\/users\/20"}],"replies":[{"embeddable":true,"href":"https:\/\/www.locoxelrojo.com\/independiente\/wp-json\/wp\/v2\/comments?post=44168"}],"version-history":[{"count":0,"href":"https:\/\/www.locoxelrojo.com\/independiente\/wp-json\/wp\/v2\/posts\/44168\/revisions"}],"wp:featuredmedia":[{"embeddable":true,"href":"https:\/\/www.locoxelrojo.com\/independiente\/wp-json\/wp\/v2\/media\/44169"}],"wp:attachment":[{"href":"https:\/\/www.locoxelrojo.com\/independiente\/wp-json\/wp\/v2\/media?parent=44168"}],"wp:term":[{"taxonomy":"category","embeddable":true,"href":"https:\/\/www.locoxelrojo.com\/independiente\/wp-json\/wp\/v2\/categories?post=44168"},{"taxonomy":"post_tag","embeddable":true,"href":"https:\/\/www.locoxelrojo.com\/independiente\/wp-json\/wp\/v2\/tags?post=44168"}],"curies":[{"name":"wp","href":"https:\/\/api.w.org\/{rel}","templated":true}]}}