{"id":44210,"date":"2014-06-05T16:50:27","date_gmt":"2014-06-05T19:50:27","guid":{"rendered":"http:\/\/www.locoxelrojo.com.ar\/independiente\/?p=44210"},"modified":"2014-06-06T02:28:19","modified_gmt":"2014-06-06T05:28:19","slug":"vuelve-morel","status":"publish","type":"post","link":"https:\/\/www.locoxelrojo.com\/independiente\/2014\/06\/05\/vuelve-morel\/","title":{"rendered":"\u00bfVuelve Morel?"},"content":{"rendered":"<p><strong>Independiente entren\u00f3 este jueves por la ma\u00f1ana en el complejo de Camioneros. Omar De Felippe realiz\u00f3 una pr\u00e1ctica de f\u00fatbol, donde prob\u00f3 con Claudio Morel Rodr\u00edguez ocupando el lateral izquierdo y con Federico Mancuello acompa\u00f1ando a Franco Bellocq en la mitad de cancha.<\/strong><\/p>\n<p>Por el resembrado de las canchas del predio de Villa Dom\u00ednico, Independiente mud\u00f3 su pr\u00e1ctica al Sindicato de Camioneros. <strong>All\u00ed, el plantel realiz\u00f3 una entrada en calor y ejercicios con pelota. Luego, De Felippe aprovech\u00f3 para hacer un rato de f\u00fatbol y parar el probable equipo que recibir\u00e1 a Patronato.<\/strong><\/p>\n<p><strong>Primero comenzaron los mismos once que ganaron en C\u00f3rdoba y promediando el entrenamiento Morel Rodr\u00edguez ingres\u00f3 por Mart\u00edn Zapata.<\/strong> El defensor ocup\u00f3 el lateral izquierdo y Mancuello se sum\u00f3 a la l\u00ednea de volantes.<\/p>\n<p><strong>Hern\u00e1n Fredes, Marcelo Vidal y Facundo Parra van a estar a disposici\u00f3n del t\u00e9cnico.<\/strong> Ma\u00f1ana, al t\u00e9rmino de la pr\u00e1ctica, el DT dar\u00e1 a lista de concentrados y se sabr\u00e1 si alguno de los tres vuelve de sus respectivas lesiones.<\/p>\n<p>El probable once inicial para jugarse el ascenso, ser\u00eda:<strong> Diego Rodr\u00edguez; Gabriel Vall\u00e9s, Cristian Tula, Sergio Ojeda, Mancuello; Zapata o Morel Rodr\u00edguez, Bellocq; Daniel Montenegro, Mat\u00edas Pisano, Federico Ins\u00faa; Sebasti\u00e1n Penco.<\/strong><\/p>\n","protected":false},"excerpt":{"rendered":"<p>Independiente entren\u00f3 este jueves por la ma\u00f1ana en el complejo de Camioneros. Omar De Felippe realiz\u00f3 una pr\u00e1ctica de f\u00fatbol, donde prob\u00f3 con Claudio Morel Rodr\u00edguez ocupando el lateral izquierdo y con Federico Mancuello acompa\u00f1ando a Franco Bellocq en la mitad de cancha. Por el resembrado de las canchas del predio de Villa Dom\u00ednico, Independiente [&hellip;]<\/p>\n","protected":false},"author":1,"featured_media":44212,"comment_status":"closed","ping_status":"closed","sticky":false,"template":"","format":"standard","meta":{"_links_to":"","_links_to_target":""},"categories":[3,1],"tags":[1620,26,36,48,71,453,2213,2032,2673],"_links":{"self":[{"href":"https:\/\/www.locoxelrojo.com\/independiente\/wp-json\/wp\/v2\/posts\/44210"}],"collection":[{"href":"https:\/\/www.locoxelrojo.com\/independiente\/wp-json\/wp\/v2\/posts"}],"about":[{"href":"https:\/\/www.locoxelrojo.com\/independiente\/wp-json\/wp\/v2\/types\/post"}],"author":[{"embeddable":true,"href":"https:\/\/www.locoxelrojo.com\/independiente\/wp-json\/wp\/v2\/users\/1"}],"replies":[{"embeddable":true,"href":"https:\/\/www.locoxelrojo.com\/independiente\/wp-json\/wp\/v2\/comments?post=44210"}],"version-history":[{"count":0,"href":"https:\/\/www.locoxelrojo.com\/independiente\/wp-json\/wp\/v2\/posts\/44210\/revisions"}],"wp:featuredmedia":[{"embeddable":true,"href":"https:\/\/www.locoxelrojo.com\/independiente\/wp-json\/wp\/v2\/media\/44212"}],"wp:attachment":[{"href":"https:\/\/www.locoxelrojo.com\/independiente\/wp-json\/wp\/v2\/media?parent=44210"}],"wp:term":[{"taxonomy":"category","embeddable":true,"href":"https:\/\/www.locoxelrojo.com\/independiente\/wp-json\/wp\/v2\/categories?post=44210"},{"taxonomy":"post_tag","embeddable":true,"href":"https:\/\/www.locoxelrojo.com\/independiente\/wp-json\/wp\/v2\/tags?post=44210"}],"curies":[{"name":"wp","href":"https:\/\/api.w.org\/{rel}","templated":true}]}}