{"id":44344,"date":"2014-06-09T15:56:23","date_gmt":"2014-06-09T18:56:23","guid":{"rendered":"http:\/\/www.locoxelrojo.com.ar\/independiente\/?p=44344"},"modified":"2014-06-09T15:56:23","modified_gmt":"2014-06-09T18:56:23","slug":"pensando-en-el-desempate","status":"publish","type":"post","link":"https:\/\/www.locoxelrojo.com\/independiente\/2014\/06\/09\/pensando-en-el-desempate\/","title":{"rendered":"Pensando en el desempate"},"content":{"rendered":"<p><strong>Luego del papel\u00f3n de ayer y dejar escapar nuevamente otra chance para subir, Independiente entren\u00f3 este lunes por la ma\u00f1ana en el predio de Villa Dom\u00ednico pensando en el desempate con Hurac\u00e1n. Federico Mancuello y Gabriel Vall\u00e9s son dudas para el mi\u00e9rcoles. <\/strong><\/p>\n<p>El plantel de Independiente practic\u00f3 esta ma\u00f1ana a puertas cerradas, luego del penoso empate de ayer ante Patronato. <strong>Incre\u00edblemente, el torneo le da una vida m\u00e1s al Rojo para retornar a Primera y deber\u00e1 jugar un desempate frente a Hurac\u00e1n el mi\u00e9rcoles. <\/strong><\/p>\n<p><strong>Con muchos jugadores que ya ten\u00edan planeadas sus vacaciones y hasta un DT que hab\u00eda programado para hoy lunes su operaci\u00f3n postergada desde que asumi\u00f3 en el cargo, Independiente todav\u00eda est\u00e1 penando en el campeonato. Aquellos que jugaron ayer realizaron trabajos regenerativos, mientras que el resto hizo ejercicios con pelota. <\/strong><\/p>\n<p>Las principales dudas pasan por Mancuello y Vall\u00e9s. <strong>El volante presenta una contractura en el gemelo derecho y pidi\u00f3 no realizarse estudios. \u00c9l va a decidir si el dolor le permite jugar o no.<\/strong> Por su parte, <strong>el defensor finaliz\u00f3 con una paral\u00edtica en su pierna izquierda y le har\u00e1n los estudios correspondientes para saber la gravedad de la lesi\u00f3n. <\/strong><\/p>\n","protected":false},"excerpt":{"rendered":"<p>Luego del papel\u00f3n de ayer y dejar escapar nuevamente otra chance para subir, Independiente entren\u00f3 este lunes por la ma\u00f1ana en el predio de Villa Dom\u00ednico pensando en el desempate con Hurac\u00e1n. Federico Mancuello y Gabriel Vall\u00e9s son dudas para el mi\u00e9rcoles. El plantel de Independiente practic\u00f3 esta ma\u00f1ana a puertas cerradas, luego del penoso [&hellip;]<\/p>\n","protected":false},"author":1,"featured_media":44345,"comment_status":"closed","ping_status":"closed","sticky":false,"template":"","format":"standard","meta":{"_links_to":"","_links_to_target":""},"categories":[3,1],"tags":[2330,153,26,48,40,172],"_links":{"self":[{"href":"https:\/\/www.locoxelrojo.com\/independiente\/wp-json\/wp\/v2\/posts\/44344"}],"collection":[{"href":"https:\/\/www.locoxelrojo.com\/independiente\/wp-json\/wp\/v2\/posts"}],"about":[{"href":"https:\/\/www.locoxelrojo.com\/independiente\/wp-json\/wp\/v2\/types\/post"}],"author":[{"embeddable":true,"href":"https:\/\/www.locoxelrojo.com\/independiente\/wp-json\/wp\/v2\/users\/1"}],"replies":[{"embeddable":true,"href":"https:\/\/www.locoxelrojo.com\/independiente\/wp-json\/wp\/v2\/comments?post=44344"}],"version-history":[{"count":0,"href":"https:\/\/www.locoxelrojo.com\/independiente\/wp-json\/wp\/v2\/posts\/44344\/revisions"}],"wp:featuredmedia":[{"embeddable":true,"href":"https:\/\/www.locoxelrojo.com\/independiente\/wp-json\/wp\/v2\/media\/44345"}],"wp:attachment":[{"href":"https:\/\/www.locoxelrojo.com\/independiente\/wp-json\/wp\/v2\/media?parent=44344"}],"wp:term":[{"taxonomy":"category","embeddable":true,"href":"https:\/\/www.locoxelrojo.com\/independiente\/wp-json\/wp\/v2\/categories?post=44344"},{"taxonomy":"post_tag","embeddable":true,"href":"https:\/\/www.locoxelrojo.com\/independiente\/wp-json\/wp\/v2\/tags?post=44344"}],"curies":[{"name":"wp","href":"https:\/\/api.w.org\/{rel}","templated":true}]}}