{"id":4448,"date":"2011-01-31T15:51:56","date_gmt":"2011-01-31T17:51:56","guid":{"rendered":"http:\/\/www.locoxelrojo.com.ar\/independiente\/?p=4448"},"modified":"2011-01-31T15:51:56","modified_gmt":"2011-01-31T17:51:56","slug":"independiente-se-entrena-en-guayaquil","status":"publish","type":"post","link":"https:\/\/www.locoxelrojo.com\/independiente\/2011\/01\/31\/independiente-se-entrena-en-guayaquil\/","title":{"rendered":"Independiente se entrena en Guayaquil"},"content":{"rendered":"<p><a href=\"http:\/\/www.locoxelrojo.com.ar\/independiente\/wp-content\/uploads\/2011\/01\/independiente-monumentalguayaquil.jpg\"><img loading=\"lazy\" class=\"alignnone size-full wp-image-4449\" title=\"independiente-monumentalguayaquil\" src=\"http:\/\/www.locoxelrojo.com.ar\/independiente\/wp-content\/uploads\/2011\/01\/independiente-monumentalguayaquil.jpg\" alt=\"\" width=\"550\" height=\"315\" srcset=\"https:\/\/locoxelrojo.com\/independiente\/wp-content\/uploads\/2011\/01\/independiente-monumentalguayaquil.jpg 550w, https:\/\/locoxelrojo.com\/independiente\/wp-content\/uploads\/2011\/01\/independiente-monumentalguayaquil-300x171.jpg 300w\" sizes=\"(max-width: 550px) 100vw, 550px\" \/><\/a><\/p>\n<p>Independiente realiza su primer entrenamiento en Ecuador. De cara al partido de ma\u00f1ana frente a Deportivo Quito por el partido de vuelta de Primera Fase de la Copa Libertadores de Am\u00e9rica.<\/p>\n<p>Al igual que con Liga de Quito, el plantel se esta entrenando en el Estadio Monumental en la ciudad de Guayaquil. Realizaron una entrada en calor liviana, con algunas pasadas y luego como es un cl\u00e1sico del Turco, le tocar\u00e1 el momento a ensayar pelota parada con los titulares que ma\u00f1ana saldr\u00e1n a defender el pase a la siguiente ronda con un 2 a 0 a favor.<\/p>\n<p>Seg\u00fan nos cuenta Alejandro Parmo, siempre colaborador de <strong>LocoxElRojo<\/strong>, quien se encuentra en Ecuador trabajando para la cadena <strong>Fox Sports y Fox Sports Radio Del Plata<\/strong>, el entrenamiento es a puertas cerradas y reci\u00e9n ma\u00f1ana hablar\u00e1 Mohamed para la prensa.<\/p>\n<p>El equipo es el mismo que se ven\u00eda manejando en los \u00faltimos d\u00edas. Con un Godoy ubicado como doble cinco junto a Batti\u00f3n. Por eso los 11 para enfrentar a Deportivo Quito son: <strong>Hilario Navarro; Juli\u00e1n Vel\u00e1zquez, Carlo Matheu, Eduardo Tuzzio; Nicol\u00e1s Cabrera, Fernando Godoy, Roberto Batti\u00f3n, Lucas Mareque; Mat\u00edas Defederico; Facundo Parra y Andr\u00e9s Silvera.<br \/>\n<\/strong><\/p>\n","protected":false},"excerpt":{"rendered":"<p>Independiente realiza su primer entrenamiento en Ecuador. De cara al partido de ma\u00f1ana frente a Deportivo Quito por el partido de vuelta de Primera Fase de la Copa Libertadores de Am\u00e9rica. Al igual que con Liga de Quito, el plantel se esta entrenando en el Estadio Monumental en la ciudad de Guayaquil. Realizaron una entrada [&hellip;]<\/p>\n","protected":false},"author":1,"featured_media":0,"comment_status":"open","ping_status":"open","sticky":false,"template":"","format":"standard","meta":{"_links_to":"","_links_to_target":""},"categories":[494,3,1],"tags":[153,223,364,285,29,354],"_links":{"self":[{"href":"https:\/\/www.locoxelrojo.com\/independiente\/wp-json\/wp\/v2\/posts\/4448"}],"collection":[{"href":"https:\/\/www.locoxelrojo.com\/independiente\/wp-json\/wp\/v2\/posts"}],"about":[{"href":"https:\/\/www.locoxelrojo.com\/independiente\/wp-json\/wp\/v2\/types\/post"}],"author":[{"embeddable":true,"href":"https:\/\/www.locoxelrojo.com\/independiente\/wp-json\/wp\/v2\/users\/1"}],"replies":[{"embeddable":true,"href":"https:\/\/www.locoxelrojo.com\/independiente\/wp-json\/wp\/v2\/comments?post=4448"}],"version-history":[{"count":0,"href":"https:\/\/www.locoxelrojo.com\/independiente\/wp-json\/wp\/v2\/posts\/4448\/revisions"}],"wp:attachment":[{"href":"https:\/\/www.locoxelrojo.com\/independiente\/wp-json\/wp\/v2\/media?parent=4448"}],"wp:term":[{"taxonomy":"category","embeddable":true,"href":"https:\/\/www.locoxelrojo.com\/independiente\/wp-json\/wp\/v2\/categories?post=4448"},{"taxonomy":"post_tag","embeddable":true,"href":"https:\/\/www.locoxelrojo.com\/independiente\/wp-json\/wp\/v2\/tags?post=4448"}],"curies":[{"name":"wp","href":"https:\/\/api.w.org\/{rel}","templated":true}]}}