{"id":4456,"date":"2011-01-31T20:21:25","date_gmt":"2011-01-31T22:21:25","guid":{"rendered":"http:\/\/www.locoxelrojo.com.ar\/independiente\/?p=4456"},"modified":"2011-02-01T03:59:06","modified_gmt":"2011-02-01T05:59:06","slug":"quiere-otro-9","status":"publish","type":"post","link":"https:\/\/www.locoxelrojo.com\/independiente\/2011\/01\/31\/quiere-otro-9\/","title":{"rendered":"Quiere otro 9"},"content":{"rendered":"<p><a href=\"http:\/\/www.locoxelrojo.com.ar\/independiente\/wp-content\/uploads\/2011\/01\/mohamed_guayaquil.jpg\"><img loading=\"lazy\" class=\"alignnone size-full wp-image-4468\" title=\"mohamed_guayaquil\" src=\"http:\/\/www.locoxelrojo.com.ar\/independiente\/wp-content\/uploads\/2011\/01\/mohamed_guayaquil.jpg\" alt=\"\" width=\"550\" height=\"315\" srcset=\"https:\/\/locoxelrojo.com\/independiente\/wp-content\/uploads\/2011\/01\/mohamed_guayaquil.jpg 550w, https:\/\/locoxelrojo.com\/independiente\/wp-content\/uploads\/2011\/01\/mohamed_guayaquil-300x171.jpg 300w\" sizes=\"(max-width: 550px) 100vw, 550px\" \/><\/a><\/p>\n<p>Antonio Mohamed confirm\u00f3 a Renato Della Paollera que busca otro delantero a pesar de que acepta la llegada de Leonel Nu\u00f1ez. El nombre propio es el de Marco P\u00e9rez o Te\u00f3filo Guti\u00e9rrez. El t\u00e9cnico no se mostr\u00f3 del todo convencido con la llegada de Leonel Nu\u00f1ez. Sin embargo, no puso trabas porque es un jugador que conoce bien al club.<\/p>\n<p>Leonel Nu\u00f1ez lleg\u00f3 por parte de la dirigencia y tras rescindir en el Bursaspor de Turqu\u00eda. El t\u00e9cnico tiene la cabeza puesta en Deportivo Quito pero de entrara en la fase de grupos, insistir\u00e1 en el cuarto refuerzo. En el orden de la formaci\u00f3n para ma\u00f1ana, la unica duda es la de Fernando Godoy, con molestias f\u00edsicas de cara al encuentro que se disputar\u00e1 a las 19:45 de Ecuador del d\u00eda martes.<\/p>\n<p>A continuaci\u00f3n la nota de Antonio Mohamed en Radio La Red:<\/p>\n<p><object classid=\"clsid:d27cdb6e-ae6d-11cf-96b8-444553540000\" width=\"353\" height=\"132\" codebase=\"http:\/\/download.macromedia.com\/pub\/shockwave\/cabs\/flash\/swflash.cab#version=6,0,40,0\"><param name=\"src\" value=\"http:\/\/www.goear.com\/files\/external.swf?file=406916f\" \/><param name=\"wmode\" value=\"transparent\" \/><param name=\"quality\" value=\"high\" \/><embed type=\"application\/x-shockwave-flash\" width=\"353\" height=\"132\" src=\"http:\/\/www.goear.com\/files\/external.swf?file=406916f\" quality=\"high\" wmode=\"transparent\"><\/embed><\/object><\/p>\n","protected":false},"excerpt":{"rendered":"<p>Antonio Mohamed confirm\u00f3 a Renato Della Paollera que busca otro delantero a pesar de que acepta la llegada de Leonel Nu\u00f1ez. El nombre propio es el de Marco P\u00e9rez o Te\u00f3filo Guti\u00e9rrez. El t\u00e9cnico no se mostr\u00f3 del todo convencido con la llegada de Leonel Nu\u00f1ez. Sin embargo, no puso trabas porque es un jugador [&hellip;]<\/p>\n","protected":false},"author":1,"featured_media":0,"comment_status":"open","ping_status":"open","sticky":false,"template":"","format":"standard","meta":{"_links_to":"","_links_to_target":""},"categories":[494,3,1],"tags":[115,285,29,87,547,548],"_links":{"self":[{"href":"https:\/\/www.locoxelrojo.com\/independiente\/wp-json\/wp\/v2\/posts\/4456"}],"collection":[{"href":"https:\/\/www.locoxelrojo.com\/independiente\/wp-json\/wp\/v2\/posts"}],"about":[{"href":"https:\/\/www.locoxelrojo.com\/independiente\/wp-json\/wp\/v2\/types\/post"}],"author":[{"embeddable":true,"href":"https:\/\/www.locoxelrojo.com\/independiente\/wp-json\/wp\/v2\/users\/1"}],"replies":[{"embeddable":true,"href":"https:\/\/www.locoxelrojo.com\/independiente\/wp-json\/wp\/v2\/comments?post=4456"}],"version-history":[{"count":0,"href":"https:\/\/www.locoxelrojo.com\/independiente\/wp-json\/wp\/v2\/posts\/4456\/revisions"}],"wp:attachment":[{"href":"https:\/\/www.locoxelrojo.com\/independiente\/wp-json\/wp\/v2\/media?parent=4456"}],"wp:term":[{"taxonomy":"category","embeddable":true,"href":"https:\/\/www.locoxelrojo.com\/independiente\/wp-json\/wp\/v2\/categories?post=4456"},{"taxonomy":"post_tag","embeddable":true,"href":"https:\/\/www.locoxelrojo.com\/independiente\/wp-json\/wp\/v2\/tags?post=4456"}],"curies":[{"name":"wp","href":"https:\/\/api.w.org\/{rel}","templated":true}]}}