{"id":4459,"date":"2011-01-31T21:49:16","date_gmt":"2011-01-31T23:49:16","guid":{"rendered":"http:\/\/www.locoxelrojo.com.ar\/independiente\/?p=4459"},"modified":"2011-01-31T21:49:16","modified_gmt":"2011-01-31T23:49:16","slug":"matheu-pensar-que-esta-definido-es-un-error","status":"publish","type":"post","link":"https:\/\/www.locoxelrojo.com\/independiente\/2011\/01\/31\/matheu-pensar-que-esta-definido-es-un-error\/","title":{"rendered":"Matheu: &#8220;Pensar que est\u00e1 definido es un error&#8221;"},"content":{"rendered":"<p><a href=\"http:\/\/www.locoxelrojo.com.ar\/independiente\/wp-content\/uploads\/2011\/01\/carlos_matheu.jpg\"><img loading=\"lazy\" class=\"alignnone size-full wp-image-4460\" title=\"carlos_matheu\" src=\"http:\/\/www.locoxelrojo.com.ar\/independiente\/wp-content\/uploads\/2011\/01\/carlos_matheu.jpg\" alt=\"\" width=\"550\" height=\"315\" srcset=\"https:\/\/locoxelrojo.com\/independiente\/wp-content\/uploads\/2011\/01\/carlos_matheu.jpg 550w, https:\/\/locoxelrojo.com\/independiente\/wp-content\/uploads\/2011\/01\/carlos_matheu-300x171.jpg 300w\" sizes=\"(max-width: 550px) 100vw, 550px\" \/><\/a><\/p>\n<p>Carlos Matheu dialog\u00f3 con Alejandro Parmo en FoxSports por Radio del Plata en la previa del partido frente a Deportivo Quito. El defensor aclar\u00f3 que quedan 90 minutos, en la altura y con un rival complicado. <strong>&#8220;Tenemos que ser inteligentes y usar la desesperaci\u00f3n de ellos para hacer uso de nuestras virtudes&#8221;<\/strong>, dijo.<\/p>\n<p><strong>&#8220;La experiencia contra la Liga nos sirve porque sabemos como se mueve la pelota. Lo vivido hay que utilizarlo para adaptarse m\u00e1s f\u00e1cil ma\u00f1ana&#8221;<\/strong>, aclar\u00f3. Y adem\u00e1s agreg\u00f3:<strong> &#8220;La cancha m\u00e1s grande nos beneficia para tener la pelota porque tenemos buenos jugadores.&#8221;<\/strong><\/p>\n<p>Matheu advirti\u00f3 que hay que estar atentos con los delanteros porque son altos y tienen juego a\u00e9reo. En la consideraci\u00f3n de Independiente no est\u00e1 salir a defenderse puesto a que con un gol se definir\u00e1 la serie<strong>. &#8220;La pelota viaja de otra manera y a medida que pasa el tiempo te vas acomodando en el juego&#8221;<\/strong>, es por eso que el rojo tampoco saldr\u00e1 desaforado. Habr\u00e1 que regular y estar tranquilos, asegur\u00f3.<\/p>\n<p>Sobre la inclusi\u00f3n de Pellerano en caso de que Fernando Godoy no se recupere de la fiebre que le agarr\u00f3 luego del entrenamiento matutino, Matheu no se preocup\u00f3 y cont\u00f3 que Independiente se conoce muy bien y est\u00e1 preparado para estas adversidades.<strong> &#8220;Este plantel viene de un semestre junto, ya nos conocemos y cualquiera dentro del equipo puede rendir. Hay competencia sana.&#8221;<\/strong>, concluy\u00f3.<\/p>\n<p>Escuch\u00e1 la nota completa:<\/p>\n<p><object classid=\"clsid:d27cdb6e-ae6d-11cf-96b8-444553540000\" width=\"353\" height=\"132\" codebase=\"http:\/\/download.macromedia.com\/pub\/shockwave\/cabs\/flash\/swflash.cab#version=6,0,40,0\"><param name=\"src\" value=\"http:\/\/www.goear.com\/files\/external.swf?file=a81a458\" \/><param name=\"wmode\" value=\"transparent\" \/><param name=\"quality\" value=\"high\" \/><embed type=\"application\/x-shockwave-flash\" width=\"353\" height=\"132\" src=\"http:\/\/www.goear.com\/files\/external.swf?file=a81a458\" quality=\"high\" wmode=\"transparent\"><\/embed><\/object><\/p>\n","protected":false},"excerpt":{"rendered":"<p>Carlos Matheu dialog\u00f3 con Alejandro Parmo en FoxSports por Radio del Plata en la previa del partido frente a Deportivo Quito. El defensor aclar\u00f3 que quedan 90 minutos, en la altura y con un rival complicado. &#8220;Tenemos que ser inteligentes y usar la desesperaci\u00f3n de ellos para hacer uso de nuestras virtudes&#8221;, dijo. &#8220;La experiencia [&hellip;]<\/p>\n","protected":false},"author":1,"featured_media":0,"comment_status":"open","ping_status":"open","sticky":false,"template":"","format":"standard","meta":{"_links_to":"","_links_to_target":""},"categories":[494,3,1],"tags":[27,153,223,285],"_links":{"self":[{"href":"https:\/\/www.locoxelrojo.com\/independiente\/wp-json\/wp\/v2\/posts\/4459"}],"collection":[{"href":"https:\/\/www.locoxelrojo.com\/independiente\/wp-json\/wp\/v2\/posts"}],"about":[{"href":"https:\/\/www.locoxelrojo.com\/independiente\/wp-json\/wp\/v2\/types\/post"}],"author":[{"embeddable":true,"href":"https:\/\/www.locoxelrojo.com\/independiente\/wp-json\/wp\/v2\/users\/1"}],"replies":[{"embeddable":true,"href":"https:\/\/www.locoxelrojo.com\/independiente\/wp-json\/wp\/v2\/comments?post=4459"}],"version-history":[{"count":0,"href":"https:\/\/www.locoxelrojo.com\/independiente\/wp-json\/wp\/v2\/posts\/4459\/revisions"}],"wp:attachment":[{"href":"https:\/\/www.locoxelrojo.com\/independiente\/wp-json\/wp\/v2\/media?parent=4459"}],"wp:term":[{"taxonomy":"category","embeddable":true,"href":"https:\/\/www.locoxelrojo.com\/independiente\/wp-json\/wp\/v2\/categories?post=4459"},{"taxonomy":"post_tag","embeddable":true,"href":"https:\/\/www.locoxelrojo.com\/independiente\/wp-json\/wp\/v2\/tags?post=4459"}],"curies":[{"name":"wp","href":"https:\/\/api.w.org\/{rel}","templated":true}]}}