{"id":44644,"date":"2014-06-20T02:36:57","date_gmt":"2014-06-20T05:36:57","guid":{"rendered":"http:\/\/www.locoxelrojo.com.ar\/independiente\/?p=44644"},"modified":"2014-06-20T02:36:57","modified_gmt":"2014-06-20T05:36:57","slug":"los-que-vuelven","status":"publish","type":"post","link":"https:\/\/www.locoxelrojo.com\/independiente\/2014\/06\/20\/los-que-vuelven\/","title":{"rendered":"Los que vuelven"},"content":{"rendered":"<p>Pas\u00f3 una nueva temporada para Independiente y, as\u00ed como comienza el \u00e9xodo de jugadores, <strong>ocho jugadores que estaban a pr\u00e9stamo deben regresar al club. \u00bfSu futuro tras volver? Una inc\u00f3gnita.<\/strong><\/p>\n<p>Juan Fernando Caicedo, refuerzo tra\u00eddo por Javier Cantero en el verano del 2013, <strong>deber\u00e1 volver de su paso por Independiente Santa Fe de Colombia. El atacante marc\u00f3 1 gol en 12 encuentros -2 de titular- en el primer semestre, pero en los \u00faltimos seis meses no jug\u00f3 ni un minuto.<\/strong><\/p>\n<p>Por otro lado,<strong> el delantero Patricio Vidal volver\u00e1 de Uni\u00f3n Espa\u00f1ola de Chile tras anotar 3 goles en la temporada, con 24 encuentros jugados -18 de arranque- en el torneo local y 4 en Copa Libertadores.<\/strong><\/p>\n<p>En tanto, 2 jugadores del ascendido Defensa y Justicia deber\u00e1n hacer lo propio. <strong>Son los casos del defensor Javier B\u00e1ez -1 gol en 37 partidos titular y 1 ingreso- y el volante Walter Busse -1 gol en 21 encuentros de titular y 7 ingresos entre B Nacional y Copa Argentina-.<\/strong><\/p>\n<p>Lucas Villaf\u00e1\u00f1ez ser\u00e1 otro de los que vuelven a entrenar a Villa Dom\u00ednico.<strong> El volante ofensivo convirti\u00f3 2 goles en 21 partidos jugados -8 titular y 13 ingresos- en Hurac\u00e1n entre la B Nacional y la Copa Argentina. Similar es el caso de Iv\u00e1n P\u00e9rez, que marc\u00f3 1 gol en 24 encuentros disputados -22 titular y 2 ingresos- en San Mart\u00edn de San Juan entre ambas competiciones.<\/strong><\/p>\n<p>Por \u00faltimo, aparecen en la lista de regresos los nombres del delantero <strong>Eloy Rodr\u00edguez \u2013jug\u00f3 5 partidos de titular e ingres\u00f3 una vez sin marcar goles en Boca Unidos- y del atacante Maximiliano Herrera, que fue titular una sola vez en Chacarita e ingres\u00f3 en 7 oportunidades, sin poder convertir goles.<\/strong><\/p>\n","protected":false},"excerpt":{"rendered":"<p>Pas\u00f3 una nueva temporada para Independiente y, as\u00ed como comienza el \u00e9xodo de jugadores, ocho jugadores que estaban a pr\u00e9stamo deben regresar al club. \u00bfSu futuro tras volver? Una inc\u00f3gnita. Juan Fernando Caicedo, refuerzo tra\u00eddo por Javier Cantero en el verano del 2013, deber\u00e1 volver de su paso por Independiente Santa Fe de Colombia. El [&hellip;]<\/p>\n","protected":false},"author":11,"featured_media":44666,"comment_status":"closed","ping_status":"closed","sticky":false,"template":"","format":"standard","meta":{"_links_to":"","_links_to_target":""},"categories":[3,1],"tags":[153,1960,187,221,1971,2696,61,705,98,28],"_links":{"self":[{"href":"https:\/\/www.locoxelrojo.com\/independiente\/wp-json\/wp\/v2\/posts\/44644"}],"collection":[{"href":"https:\/\/www.locoxelrojo.com\/independiente\/wp-json\/wp\/v2\/posts"}],"about":[{"href":"https:\/\/www.locoxelrojo.com\/independiente\/wp-json\/wp\/v2\/types\/post"}],"author":[{"embeddable":true,"href":"https:\/\/www.locoxelrojo.com\/independiente\/wp-json\/wp\/v2\/users\/11"}],"replies":[{"embeddable":true,"href":"https:\/\/www.locoxelrojo.com\/independiente\/wp-json\/wp\/v2\/comments?post=44644"}],"version-history":[{"count":0,"href":"https:\/\/www.locoxelrojo.com\/independiente\/wp-json\/wp\/v2\/posts\/44644\/revisions"}],"wp:featuredmedia":[{"embeddable":true,"href":"https:\/\/www.locoxelrojo.com\/independiente\/wp-json\/wp\/v2\/media\/44666"}],"wp:attachment":[{"href":"https:\/\/www.locoxelrojo.com\/independiente\/wp-json\/wp\/v2\/media?parent=44644"}],"wp:term":[{"taxonomy":"category","embeddable":true,"href":"https:\/\/www.locoxelrojo.com\/independiente\/wp-json\/wp\/v2\/categories?post=44644"},{"taxonomy":"post_tag","embeddable":true,"href":"https:\/\/www.locoxelrojo.com\/independiente\/wp-json\/wp\/v2\/tags?post=44644"}],"curies":[{"name":"wp","href":"https:\/\/api.w.org\/{rel}","templated":true}]}}