{"id":44699,"date":"2014-06-23T17:08:58","date_gmt":"2014-06-23T20:08:58","guid":{"rendered":"http:\/\/www.locoxelrojo.com.ar\/independiente\/?p=44699"},"modified":"2014-06-25T01:07:00","modified_gmt":"2014-06-25T04:07:00","slug":"keblaitis-ascendimos-en-lo-deportivo-pero-en-lo-economico-estamos-en-la-c","status":"publish","type":"post","link":"https:\/\/www.locoxelrojo.com\/independiente\/2014\/06\/23\/keblaitis-ascendimos-en-lo-deportivo-pero-en-lo-economico-estamos-en-la-c\/","title":{"rendered":"Keblaitis: &#8220;Ascendimos en lo deportivo, pero en lo econ\u00f3mico estamos en la C\u201d"},"content":{"rendered":"<p><strong>Claudio Keblaitis se mostr\u00f3 satisfecho por entregar el mandato con Independiente en Primera Divisi\u00f3n. De cara a las pr\u00f3ximas elecciones, el Presidente del Rojo cont\u00f3 que estos \u00faltimos meses pudo pagar algunas deudas atrasadas, pero el pasivo sigue siendo inmenso. &#8220;Ascendimos en lo deportivo, pero en lo econ\u00f3mico estamos en la C&#8221;,<\/strong> admiti\u00f3.<\/p>\n<p><strong>&#8220;El ox\u00edgeno que nos dio que los aportantes colaboraran con el pago de los sueldos de los jugadores, nos permiti\u00f3 derivar fondos para paliar las deudas que se hab\u00edan acumulado, que eran bastantes. Se pagaron muchas deudas y por lo menos el club sigui\u00f3 funcionando&#8221;<\/strong>, expres\u00f3 en di\u00e1logo con Independiente, el Gran Campe\u00f3n. <strong>\u201cAscendimos en lo deportivo, pero en lo econ\u00f3mico estamos en la categor\u00eda C\u201d<\/strong>, agreg\u00f3 preocupado por la situaci\u00f3n financiera.<\/p>\n<p><strong>\u201cHaber entregado la presidencia en la B hubiera sido terrible en lo personal, me satisface haber ordenado un poco las cosas antes de entregar la presidencia\u201d<\/strong>, confes\u00f3. Luego, aclar\u00f3 que esta a disposici\u00f3n de la pr\u00f3xima agrupaci\u00f3n que gane las elecciones: <strong>&#8220;Va a depender de las autoridades que asuman, si me piden colaboraci\u00f3n, colaborar\u00e9&#8221;<\/strong>.<\/p>\n<p>En cuanto a lo futbol\u00edstico, cont\u00f3 que hubo una reuni\u00f3n con las agrupaciones para informarles la situaci\u00f3n contractual del plantel profesional y cuerpo t\u00e9cnico: <strong>&#8220;Les informamos la situaci\u00f3n de los contratos que vencen, de los jugadores que vuelven y la posible renovaci\u00f3n de Omar De Felippe. Quedamos que \u00edbamos a armar una nueva reuni\u00f3n&#8221;<\/strong>.<\/p>\n<p>Para finalizar, se refiri\u00f3 a Javier Cantero y tuvo palabras descalificadoras para los encargados de Departamento de F\u00fatbol que llevaron a Independiente al descenso. <strong>&#8220;Creo que la sobreexposici\u00f3n en personas que no est\u00e1n hechas para eso, desequilibra a los m\u00e1s equilibrados. Esa sobreexposici\u00f3n resulta irritante y es muy dif\u00edcil de sobrellevar. Desde un primer momento critiqu\u00e9 la tarea de Armando Fell\u00edn y de los hermanos Beigelman. Me pareci\u00f3 irresponsable que un \u00e1rea tan sensible e importante para la vida de independiente la manejara tres personas solamente. No me equivoqu\u00e9 y las consecuencias las hemos padecido entre todos&#8221;<\/strong>, cerr\u00f3.<\/p>\n","protected":false},"excerpt":{"rendered":"<p>Claudio Keblaitis se mostr\u00f3 satisfecho por entregar el mandato con Independiente en Primera Divisi\u00f3n. De cara a las pr\u00f3ximas elecciones, el Presidente del Rojo cont\u00f3 que estos \u00faltimos meses pudo pagar algunas deudas atrasadas, pero el pasivo sigue siendo inmenso. &#8220;Ascendimos en lo deportivo, pero en lo econ\u00f3mico estamos en la C&#8221;, admiti\u00f3. &#8220;El ox\u00edgeno [&hellip;]<\/p>\n","protected":false},"author":1,"featured_media":44700,"comment_status":"closed","ping_status":"closed","sticky":false,"template":"","format":"standard","meta":{"_links_to":"","_links_to_target":""},"categories":[3,4,1],"tags":[1081],"_links":{"self":[{"href":"https:\/\/www.locoxelrojo.com\/independiente\/wp-json\/wp\/v2\/posts\/44699"}],"collection":[{"href":"https:\/\/www.locoxelrojo.com\/independiente\/wp-json\/wp\/v2\/posts"}],"about":[{"href":"https:\/\/www.locoxelrojo.com\/independiente\/wp-json\/wp\/v2\/types\/post"}],"author":[{"embeddable":true,"href":"https:\/\/www.locoxelrojo.com\/independiente\/wp-json\/wp\/v2\/users\/1"}],"replies":[{"embeddable":true,"href":"https:\/\/www.locoxelrojo.com\/independiente\/wp-json\/wp\/v2\/comments?post=44699"}],"version-history":[{"count":0,"href":"https:\/\/www.locoxelrojo.com\/independiente\/wp-json\/wp\/v2\/posts\/44699\/revisions"}],"wp:featuredmedia":[{"embeddable":true,"href":"https:\/\/www.locoxelrojo.com\/independiente\/wp-json\/wp\/v2\/media\/44700"}],"wp:attachment":[{"href":"https:\/\/www.locoxelrojo.com\/independiente\/wp-json\/wp\/v2\/media?parent=44699"}],"wp:term":[{"taxonomy":"category","embeddable":true,"href":"https:\/\/www.locoxelrojo.com\/independiente\/wp-json\/wp\/v2\/categories?post=44699"},{"taxonomy":"post_tag","embeddable":true,"href":"https:\/\/www.locoxelrojo.com\/independiente\/wp-json\/wp\/v2\/tags?post=44699"}],"curies":[{"name":"wp","href":"https:\/\/api.w.org\/{rel}","templated":true}]}}