{"id":4470,"date":"2011-02-01T06:35:21","date_gmt":"2011-02-01T08:35:21","guid":{"rendered":"http:\/\/www.locoxelrojo.com.ar\/independiente\/?p=4470"},"modified":"2011-02-01T06:51:22","modified_gmt":"2011-02-01T08:51:22","slug":"parra-van-a-generar-espacios","status":"publish","type":"post","link":"https:\/\/www.locoxelrojo.com\/independiente\/2011\/02\/01\/parra-van-a-generar-espacios\/","title":{"rendered":"Parra: &#8220;Van a generar espacios&#8221;"},"content":{"rendered":"<p><a href=\"http:\/\/www.locoxelrojo.com.ar\/independiente\/wp-content\/uploads\/2011\/02\/facundo_parra.jpg\"><img loading=\"lazy\" class=\"alignnone size-full wp-image-4471\" title=\"facundo_parra\" src=\"http:\/\/www.locoxelrojo.com.ar\/independiente\/wp-content\/uploads\/2011\/02\/facundo_parra.jpg\" alt=\"\" width=\"550\" height=\"315\" srcset=\"https:\/\/locoxelrojo.com\/independiente\/wp-content\/uploads\/2011\/02\/facundo_parra.jpg 550w, https:\/\/locoxelrojo.com\/independiente\/wp-content\/uploads\/2011\/02\/facundo_parra-300x171.jpg 300w\" sizes=\"(max-width: 550px) 100vw, 550px\" \/><\/a><\/p>\n<p>Facundo Parra habl\u00f3 con <em>Infierno Encantador (<\/em>lunes 23 horas por AM 1470<em>)<\/em> en la previa del choque de vuelta por el repechaje de la Copa Libertadores frente a Deportivo Quito. El delantero admiti\u00f3 que &#8220;<strong>va a ser un partido dif\u00edcil porque ellos van a salir con todo los primeros 15 o 20 minutos, igualmente nosotros ya tenemos experiencia con la Liga, tenemos claro qu\u00e9 hacer y de que manera jugar y esperemos nos salgan las cosas de la mejor manera&#8221;<\/strong><\/p>\n<p>Cuando le preguntaron acerca de c\u00f3mo se iban a complementar con Silvera teniendo en cuenta cu\u00e1l iba a ser el que iba a correr en los ataques, Parra explic\u00f3 que <strong>&#8220;la idea con Silvera es ir rotando seg\u00fan la jugada. Tratamos de correr lo menos posible, estar cerca y jugar cortos&#8221;.<\/strong><\/p>\n<p>El delantero tambi\u00e9n se refiri\u00f3 a la diferencia con Liga de Quito teniendo en cuenta que el resultado de local ya est\u00e1 puesto y eso favorece a Independiente.<strong> &#8220;Haber ganado 2-0 nos da cierta ventaja. Ellos tienen que salir a presionar desde el primer minuto y eso les puede perjudicar defensivamente. Van a generar espacios, igual esperemos que la altura no nos moleste mucho&#8221;<\/strong>, cerr\u00f3.<\/p>\n","protected":false},"excerpt":{"rendered":"<p>Facundo Parra habl\u00f3 con Infierno Encantador (lunes 23 horas por AM 1470) en la previa del choque de vuelta por el repechaje de la Copa Libertadores frente a Deportivo Quito. El delantero admiti\u00f3 que &#8220;va a ser un partido dif\u00edcil porque ellos van a salir con todo los primeros 15 o 20 minutos, igualmente nosotros [&hellip;]<\/p>\n","protected":false},"author":1,"featured_media":0,"comment_status":"open","ping_status":"open","sticky":false,"template":"","format":"standard","meta":{"_links_to":"","_links_to_target":""},"categories":[494,3,1],"tags":[153,285,36,261],"_links":{"self":[{"href":"https:\/\/www.locoxelrojo.com\/independiente\/wp-json\/wp\/v2\/posts\/4470"}],"collection":[{"href":"https:\/\/www.locoxelrojo.com\/independiente\/wp-json\/wp\/v2\/posts"}],"about":[{"href":"https:\/\/www.locoxelrojo.com\/independiente\/wp-json\/wp\/v2\/types\/post"}],"author":[{"embeddable":true,"href":"https:\/\/www.locoxelrojo.com\/independiente\/wp-json\/wp\/v2\/users\/1"}],"replies":[{"embeddable":true,"href":"https:\/\/www.locoxelrojo.com\/independiente\/wp-json\/wp\/v2\/comments?post=4470"}],"version-history":[{"count":0,"href":"https:\/\/www.locoxelrojo.com\/independiente\/wp-json\/wp\/v2\/posts\/4470\/revisions"}],"wp:attachment":[{"href":"https:\/\/www.locoxelrojo.com\/independiente\/wp-json\/wp\/v2\/media?parent=4470"}],"wp:term":[{"taxonomy":"category","embeddable":true,"href":"https:\/\/www.locoxelrojo.com\/independiente\/wp-json\/wp\/v2\/categories?post=4470"},{"taxonomy":"post_tag","embeddable":true,"href":"https:\/\/www.locoxelrojo.com\/independiente\/wp-json\/wp\/v2\/tags?post=4470"}],"curies":[{"name":"wp","href":"https:\/\/api.w.org\/{rel}","templated":true}]}}