{"id":44710,"date":"2014-06-24T13:15:45","date_gmt":"2014-06-24T16:15:45","guid":{"rendered":"http:\/\/www.locoxelrojo.com.ar\/independiente\/?p=44710"},"modified":"2014-06-25T01:18:18","modified_gmt":"2014-06-25T04:18:18","slug":"baez-no-puedo-ir-a-entrenar-si-nadie-me-dice-nada","status":"publish","type":"post","link":"https:\/\/www.locoxelrojo.com\/independiente\/2014\/06\/24\/baez-no-puedo-ir-a-entrenar-si-nadie-me-dice-nada\/","title":{"rendered":"B\u00e1ez: &#8220;No puedo ir a entrenar si nadie me dice nada&#8221;"},"content":{"rendered":"<p>Javier B\u00e1ez <strong>confes\u00f3 que a\u00fan no le avisaron desde Independiente si debe presentarse el jueves en el entrenamiento. Adem\u00e1s, agreg\u00f3 que tiene contrato hasta junio del 2015 y debe volver.<\/strong><\/p>\n<p><strong>&#8220;Estoy esperando que me llamen para ver si tengo que ir a Dom\u00ednico. Hasta ahora no tengo novedades.\u00a0No puedo ir a entrenar si nadie me dice nada. Estoy tranquilo. Entiendo la situaci\u00f3n.\u00a0Despu\u00e9s de las elecciones todo va a estar m\u00e1s claro&#8221;<\/strong>, manifest\u00f3 el defensor en di\u00e1logo con Infierno Rojo Radio.<\/p>\n<p>Luego, agreg\u00f3 cu\u00e1ndo finaliza su contrato y sostuvo que en Defensa y Justicia quer\u00edan retenerlo, aunque no pudieron: <strong>&#8220;Tengo contrato hasta junio 2015 en Independiente. Deber\u00eda volver.\u00a0En Defensa me manifestaron que me quer\u00edan pero no depend\u00eda de m\u00ed. Ya contrataron otro jugador&#8221;.<\/strong><\/p>\n<p>Respecto de su posici\u00f3n en la cancha, remarc\u00f3 que se siente c\u00f3modo de central, su puesto natural: <strong>&#8220;Donde m\u00e1s rindo es de central. En Independiente no me toc\u00f3 nunca y vengo de hacer un buen a\u00f1o como lateral&#8221;.<\/strong><\/p>\n<p>Por \u00faltimo, opin\u00f3 del ascenso ag\u00f3nico del Rojo y se mostr\u00f3 alegre por el objetivo cumplido. <strong>&#8220;Fue inesperado el final que se vivi\u00f3 para Independiente. Me pone muy contento por los compa\u00f1eros que sufrieron mucho&#8221;<\/strong>, concluy\u00f3.<\/p>\n","protected":false},"excerpt":{"rendered":"<p>Javier B\u00e1ez confes\u00f3 que a\u00fan no le avisaron desde Independiente si debe presentarse el jueves en el entrenamiento. Adem\u00e1s, agreg\u00f3 que tiene contrato hasta junio del 2015 y debe volver. &#8220;Estoy esperando que me llamen para ver si tengo que ir a Dom\u00ednico. Hasta ahora no tengo novedades.\u00a0No puedo ir a entrenar si nadie me [&hellip;]<\/p>\n","protected":false},"author":11,"featured_media":44712,"comment_status":"closed","ping_status":"closed","sticky":false,"template":"","format":"standard","meta":{"_links_to":"","_links_to_target":""},"categories":[3,1],"tags":[153,896,221],"_links":{"self":[{"href":"https:\/\/www.locoxelrojo.com\/independiente\/wp-json\/wp\/v2\/posts\/44710"}],"collection":[{"href":"https:\/\/www.locoxelrojo.com\/independiente\/wp-json\/wp\/v2\/posts"}],"about":[{"href":"https:\/\/www.locoxelrojo.com\/independiente\/wp-json\/wp\/v2\/types\/post"}],"author":[{"embeddable":true,"href":"https:\/\/www.locoxelrojo.com\/independiente\/wp-json\/wp\/v2\/users\/11"}],"replies":[{"embeddable":true,"href":"https:\/\/www.locoxelrojo.com\/independiente\/wp-json\/wp\/v2\/comments?post=44710"}],"version-history":[{"count":0,"href":"https:\/\/www.locoxelrojo.com\/independiente\/wp-json\/wp\/v2\/posts\/44710\/revisions"}],"wp:featuredmedia":[{"embeddable":true,"href":"https:\/\/www.locoxelrojo.com\/independiente\/wp-json\/wp\/v2\/media\/44712"}],"wp:attachment":[{"href":"https:\/\/www.locoxelrojo.com\/independiente\/wp-json\/wp\/v2\/media?parent=44710"}],"wp:term":[{"taxonomy":"category","embeddable":true,"href":"https:\/\/www.locoxelrojo.com\/independiente\/wp-json\/wp\/v2\/categories?post=44710"},{"taxonomy":"post_tag","embeddable":true,"href":"https:\/\/www.locoxelrojo.com\/independiente\/wp-json\/wp\/v2\/tags?post=44710"}],"curies":[{"name":"wp","href":"https:\/\/api.w.org\/{rel}","templated":true}]}}