{"id":44718,"date":"2014-06-24T18:39:23","date_gmt":"2014-06-24T21:39:23","guid":{"rendered":"http:\/\/www.locoxelrojo.com.ar\/independiente\/?p=44718"},"modified":"2015-10-15T23:12:19","modified_gmt":"2015-10-16T02:12:19","slug":"del-castillo-sergio-aguero-se-comprometio-con-milito-para-aportar-en-conjunto","status":"publish","type":"post","link":"https:\/\/www.locoxelrojo.com\/independiente\/2014\/06\/24\/del-castillo-sergio-aguero-se-comprometio-con-milito-para-aportar-en-conjunto\/","title":{"rendered":"Leonel Del Castillo: &#8220;Sergio se comprometi\u00f3 con Milito para aportar en conjunto&#8221;"},"content":{"rendered":"<p>Leonel Del Castillo, 3\u00b0 Vocal Titular por Agrupaci\u00f3n Independiente,<strong> manifest\u00f3 que quiere ingresar al club porque su hijo, Sergio Ag\u00fcero, pretende aportar. Adem\u00e1s, asegur\u00f3 que el Kun habl\u00f3 con Gabriel Milito para ayudar en conjunto.<\/strong><\/p>\n<p><strong>&#8220;Quiero ayudar al club porque Sergio (Ag\u00fcero) har\u00e1 aportes.\u00a0Hay gente que sabe c\u00f3mo soy, que no voy por nada raro.\u00a0Fui a varias reuniones y me gust\u00f3 el proyecto que tienen&#8221;<\/strong>, expres\u00f3 en declaraciones a 100% Independiente por Cadena Eco.<\/p>\n<p>Luego, asever\u00f3 que Milito y Ag\u00fcero se contactaron para ayudar al club en conjunto: <strong>&#8220;Sergio se comprometi\u00f3 con Gabriel Milito para aportar, gane quien gane las elecciones. Cuando termine el mundial se van a juntar para iniciar un proyecto en conjunto. Quiere hacer algo en el club que pueda perdurar. Los proyectos que tiene son muy lindos&#8221;.<\/strong><\/p>\n<p>Por \u00faltimo, cont\u00f3 que intentar\u00e1 ayudar a las inferiores del Rojo. <strong>&#8220;Me reun\u00ed con una empresa, ya que las inferiores se deben movilizar con transporte escolar para viajar al interior&#8221;<\/strong>, cerr\u00f3.<\/p>\n<p>&nbsp;<\/p>\n","protected":false},"excerpt":{"rendered":"<p>Leonel Del Castillo, 3\u00b0 Vocal Titular por Agrupaci\u00f3n Independiente, manifest\u00f3 que quiere ingresar al club porque su hijo, Sergio Ag\u00fcero, pretende aportar. Adem\u00e1s, asegur\u00f3 que el Kun habl\u00f3 con Gabriel Milito para ayudar en conjunto. &#8220;Quiero ayudar al club porque Sergio (Ag\u00fcero) har\u00e1 aportes.\u00a0Hay gente que sabe c\u00f3mo soy, que no voy por nada raro.\u00a0Fui [&hellip;]<\/p>\n","protected":false},"author":11,"featured_media":44719,"comment_status":"closed","ping_status":"closed","sticky":false,"template":"","format":"standard","meta":{"_links_to":"","_links_to_target":""},"categories":[3,1],"tags":[2186,153,42,1467,143],"_links":{"self":[{"href":"https:\/\/www.locoxelrojo.com\/independiente\/wp-json\/wp\/v2\/posts\/44718"}],"collection":[{"href":"https:\/\/www.locoxelrojo.com\/independiente\/wp-json\/wp\/v2\/posts"}],"about":[{"href":"https:\/\/www.locoxelrojo.com\/independiente\/wp-json\/wp\/v2\/types\/post"}],"author":[{"embeddable":true,"href":"https:\/\/www.locoxelrojo.com\/independiente\/wp-json\/wp\/v2\/users\/11"}],"replies":[{"embeddable":true,"href":"https:\/\/www.locoxelrojo.com\/independiente\/wp-json\/wp\/v2\/comments?post=44718"}],"version-history":[{"count":0,"href":"https:\/\/www.locoxelrojo.com\/independiente\/wp-json\/wp\/v2\/posts\/44718\/revisions"}],"wp:featuredmedia":[{"embeddable":true,"href":"https:\/\/www.locoxelrojo.com\/independiente\/wp-json\/wp\/v2\/media\/44719"}],"wp:attachment":[{"href":"https:\/\/www.locoxelrojo.com\/independiente\/wp-json\/wp\/v2\/media?parent=44718"}],"wp:term":[{"taxonomy":"category","embeddable":true,"href":"https:\/\/www.locoxelrojo.com\/independiente\/wp-json\/wp\/v2\/categories?post=44718"},{"taxonomy":"post_tag","embeddable":true,"href":"https:\/\/www.locoxelrojo.com\/independiente\/wp-json\/wp\/v2\/tags?post=44718"}],"curies":[{"name":"wp","href":"https:\/\/api.w.org\/{rel}","templated":true}]}}