{"id":44725,"date":"2014-06-25T18:04:10","date_gmt":"2014-06-25T21:04:10","guid":{"rendered":"http:\/\/www.locoxelrojo.com.ar\/independiente\/?p=44725"},"modified":"2014-06-25T18:04:10","modified_gmt":"2014-06-25T21:04:10","slug":"estas-son-las-listas-definitivas","status":"publish","type":"post","link":"https:\/\/www.locoxelrojo.com\/independiente\/2014\/06\/25\/estas-son-las-listas-definitivas\/","title":{"rendered":"Estas son las listas definitivas"},"content":{"rendered":"<p>Luego de las revisiones que realiz\u00f3 la Junta Electoral, <strong>el martes venci\u00f3 el plazo para que cada agrupaci\u00f3n entregue los listados definitivos de cara a las Elecciones del domingo 6 de julio.<\/strong><\/p>\n<p>Aca, te presentamos como quedaron conformadas las tres agrupaciones: <strong>Lista Roja, Movimiento Independiente y Agrupaci\u00f3n Independiente.<\/strong><\/p>\n<p><strong>Lista Roja:<\/strong><\/p>\n<ul>\n<li>Presidente: Daniel Ferro<\/li>\n<li>Vicepresidente 1: Jorge Pena<\/li>\n<li>Vicepresidente 2: Silvia Tiz\u00f3n<\/li>\n<li>Secretario General: Luis C\u00faspide<\/li>\n<li>Secretario Administrativo: Francisco Viqueira<\/li>\n<li>Secretario Deportivo: Lucas Quinteros<\/li>\n<li>Secretario de Prensa y RR.PP: Daniel Aguilera<\/li>\n<li>Tesorero: Daniel Tin\u00edcolo<\/li>\n<li>Protesorero: Maximiliano Quinteros<\/li>\n<li>Vocal Titular 1: Alejandro Di Costanzo<\/li>\n<li>Vocal Titular 2: Mar\u00eda Isabel Chiesino<\/li>\n<li>Vocal Titular 3: Eduardo Tortorelli<\/li>\n<li>Vocal Titular 4: Oscar Iglesias<\/li>\n<li>Vocal Titular 5: Mabel Barrios<\/li>\n<li>Vocal Titular 6: Roberto Espigares<\/li>\n<li>Vocal Titular 7: Marcelo Carignani<\/li>\n<li>Vocal Suplente 1: Enrique C\u00e9sar G\u00f3mez<\/li>\n<li>Vocal Suplente 2: Germ\u00e1n Adolfo G\u00f3mez<\/li>\n<li>Vocal Suplente 3: Marcelo Ares<\/li>\n<li>Vocal Suplente 4: Alicia Telechea<\/li>\n<li>Vocal Suplente 5: Emiliano Daniel Agrasar<\/li>\n<li>Vocal Suplente 6: Agust\u00edn Javier Guti\u00e9rrez<\/li>\n<li>Comisi\u00f3n Revisora de Cuentas<\/li>\n<li>Miembro Titular 1: Sebasti\u00e1n Espigares<\/li>\n<li>Miembro Titular 2: Gustavo Rubio<\/li>\n<li>Miembro Titular 3: Nicol\u00e1s Lapasset<\/li>\n<li>Miembro Suplente 1: Antonio Brusco<\/li>\n<li>Miembro Suplente 2: Hern\u00e1n Mondini<\/li>\n<\/ul>\n<p><strong>Movimiento Independiente:<\/strong><\/p>\n<ul>\n<li>Presidente: Claudio Esp\u00f3sito<\/li>\n<li>Vicepresidente 1: Juan Carlos Ingratta<\/li>\n<li>Vicepresidente 2: Jorge Soriano<\/li>\n<li>Secretario General: Ricardo Pessagno<\/li>\n<li>Secretario Administrativo: Heriberto P\u00e9rez<\/li>\n<li>Secretario Deportivo: Daniel Olgu\u00edn<\/li>\n<li>Secretario de Prensa y RR.PP: N\u00e9stor Benjam\u00edn<\/li>\n<li>Tesorero: Daniel Alice<\/li>\n<li>Protesorero: Miriam Barone<\/li>\n<li>Vocal Titular 1: Roberto Garc\u00eda Prada<\/li>\n<li>Vocal Titular 2: Gabriel Lavorgna<\/li>\n<li>Vocal Titular 3: Alberto Julio Rey<\/li>\n<li>Vocal Titular 4: H\u00e9ctor Zaliauskas<\/li>\n<li>Vocal Titular 5: Oscar An\u00edbal Marcote<\/li>\n<li>Vocal Titular 6: Christian Ciccolo<\/li>\n<li>Vocal Titular 7: Gabriel Marinovich<\/li>\n<li>Vocal Suplente 1: Roberto Ingratta<\/li>\n<li>Vocal Suplente 2: Gaspar Esp\u00f3sito<\/li>\n<li>Vocal Suplente 3: Rub\u00e9n Iglesias<\/li>\n<li>Vocal Suplente 4: Fernando Ares<\/li>\n<li>Vocal Suplente 5: Oscar Nieva<\/li>\n<li>Vocal Suplente 6: Anal\u00eda M\u00e1rquez<\/li>\n<li>Comisi\u00f3n Revisora de Cuentas<\/li>\n<li>Miembro Titular 1: Mario Heilmann<\/li>\n<li>Miembro Titular 2: Mario D\u00edaz<\/li>\n<li>Miembro Titular 3: Diego Rivera<\/li>\n<li>Miembro Suplente 1: Maximiliano Galeppi<\/li>\n<li>Miembro Suplente 2: Roberto Ipas<\/li>\n<\/ul>\n<p><strong>Agrupaci\u00f3n Independiente:<\/strong><\/p>\n<ul>\n<li>Presidente: Hugo Moyano<\/li>\n<li>Vicepresidente 1: Nurhayr Nakis<\/li>\n<li>Vicepresidente 2: Carlos Monta\u00f1a<\/li>\n<li>Secretario General: H\u00e9ctor Maldonado<\/li>\n<li>Secretario Administrativo: Daniel Seoane<\/li>\n<li>Secretario Deportivo: Jorge Damiani<\/li>\n<li>Secretario de Prensa y RR.PP: Ricardo Cirielli<\/li>\n<li>Tesorero: Liliana Toribio<\/li>\n<li>Protesorero: Carlos Di Leo<\/li>\n<li>Vocal Titular 1: Cristian Ritondo<\/li>\n<li>Vocal Titular 2: Pablo Moyano<\/li>\n<li>Vocal Titular 3: Leonel Del Castillo<\/li>\n<li>Vocal Titular 4: Ricardo Mulleady<\/li>\n<li>Vocal Titular 5: Marcelo Rubio<\/li>\n<li>Vocal Titular 6: Yair Hendler<\/li>\n<li>Vocal Titular 7: Carlos Nicora<\/li>\n<li>Vocal Suplente 1: Daniel Lusianzoff<\/li>\n<li>Vocal Suplente 2: Mario Castelo<\/li>\n<li>Vocal Suplente 3: Sebasti\u00e1n Roqueta<\/li>\n<li>Vocal Suplente 4: Fernando Moschetti<\/li>\n<li>Vocal Suplente 5: Claudio Luzzi<\/li>\n<li>Vocal Suplente 6: Julio Dar\u00edo Rodr\u00edguez<\/li>\n<li>Comisi\u00f3n Revisora de Cuentas<\/li>\n<li>Miembro Titular 1: Sebasti\u00e1n \u00c1lvarez<\/li>\n<li>Miembro Titular 2: Carlos Novoa<\/li>\n<li>Miembro Titular 3: Osvaldo Gonz\u00e1lez<\/li>\n<li>Miembro Suplente 1: Gerardo G\u00f3mez Coronado<\/li>\n<li>Miembro Suplente 2: Rodrigo Frutos<\/li>\n<\/ul>\n","protected":false},"excerpt":{"rendered":"<p>Luego de las revisiones que realiz\u00f3 la Junta Electoral, el martes venci\u00f3 el plazo para que cada agrupaci\u00f3n entregue los listados definitivos de cara a las Elecciones del domingo 6 de julio. Aca, te presentamos como quedaron conformadas las tres agrupaciones: Lista Roja, Movimiento Independiente y Agrupaci\u00f3n Independiente. Lista Roja: Presidente: Daniel Ferro Vicepresidente 1: [&hellip;]<\/p>\n","protected":false},"author":1,"featured_media":40749,"comment_status":"closed","ping_status":"closed","sticky":false,"template":"","format":"standard","meta":{"_links_to":"","_links_to_target":""},"categories":[4,1],"tags":[2186,2553,738,2187],"_links":{"self":[{"href":"https:\/\/www.locoxelrojo.com\/independiente\/wp-json\/wp\/v2\/posts\/44725"}],"collection":[{"href":"https:\/\/www.locoxelrojo.com\/independiente\/wp-json\/wp\/v2\/posts"}],"about":[{"href":"https:\/\/www.locoxelrojo.com\/independiente\/wp-json\/wp\/v2\/types\/post"}],"author":[{"embeddable":true,"href":"https:\/\/www.locoxelrojo.com\/independiente\/wp-json\/wp\/v2\/users\/1"}],"replies":[{"embeddable":true,"href":"https:\/\/www.locoxelrojo.com\/independiente\/wp-json\/wp\/v2\/comments?post=44725"}],"version-history":[{"count":0,"href":"https:\/\/www.locoxelrojo.com\/independiente\/wp-json\/wp\/v2\/posts\/44725\/revisions"}],"wp:featuredmedia":[{"embeddable":true,"href":"https:\/\/www.locoxelrojo.com\/independiente\/wp-json\/wp\/v2\/media\/40749"}],"wp:attachment":[{"href":"https:\/\/www.locoxelrojo.com\/independiente\/wp-json\/wp\/v2\/media?parent=44725"}],"wp:term":[{"taxonomy":"category","embeddable":true,"href":"https:\/\/www.locoxelrojo.com\/independiente\/wp-json\/wp\/v2\/categories?post=44725"},{"taxonomy":"post_tag","embeddable":true,"href":"https:\/\/www.locoxelrojo.com\/independiente\/wp-json\/wp\/v2\/tags?post=44725"}],"curies":[{"name":"wp","href":"https:\/\/api.w.org\/{rel}","templated":true}]}}