{"id":4473,"date":"2011-02-01T06:48:17","date_gmt":"2011-02-01T08:48:17","guid":{"rendered":"http:\/\/www.locoxelrojo.com.ar\/independiente\/?p=4473"},"modified":"2011-02-01T06:48:17","modified_gmt":"2011-02-01T08:48:17","slug":"comparada-se-trata-de-una-final-anticipada","status":"publish","type":"post","link":"https:\/\/www.locoxelrojo.com\/independiente\/2011\/02\/01\/comparada-se-trata-de-una-final-anticipada\/","title":{"rendered":"Comparada: &#8220;Se trata de una final anticipada&#8221;"},"content":{"rendered":"<p><a href=\"http:\/\/www.locoxelrojo.com.ar\/independiente\/wp-content\/uploads\/2011\/02\/Comparada_Guayaquil.jpg\"><img loading=\"lazy\" class=\"alignnone size-full wp-image-4474\" title=\"Comparada_Guayaquil\" src=\"http:\/\/www.locoxelrojo.com.ar\/independiente\/wp-content\/uploads\/2011\/02\/Comparada_Guayaquil.jpg\" alt=\"\" width=\"550\" height=\"315\" srcset=\"https:\/\/locoxelrojo.com\/independiente\/wp-content\/uploads\/2011\/02\/Comparada_Guayaquil.jpg 550w, https:\/\/locoxelrojo.com\/independiente\/wp-content\/uploads\/2011\/02\/Comparada_Guayaquil-300x171.jpg 300w\" sizes=\"(max-width: 550px) 100vw, 550px\" \/><\/a><\/p>\n<p>Julio Comparada dialog\u00f3 con los medios ecuatorianos luego de la pr\u00e1ctica matutina. El presidente manifest\u00f3 que <strong>&#8220;es un partido muy importante porque es un repechaje y se juega algo clave como lo es el ingreso a la Copa Libertadores&#8221;.<\/strong> Adem\u00e1s, considerando la importancia, agreg\u00f3 que <strong>&#8220;se trata de una final anticipada&#8221;.<\/strong><\/p>\n<p>Cuando lo consultaron acerca de c\u00f3mo estaba sintiendo la altura, Comparada dijo:<strong> &#8220;la altura no es f\u00e1cil pero tenemos la ventaja del 2-0, es distinta al llano y la sufrimos mucho. Por eso, no nos podemos descuidar porque enseguida nos pueden convertir goles&#8221;.<\/strong><\/p>\n<p>Para cerrar, el dirigente explic\u00f3 que Independiente saldr\u00e1 sobre la hora del partido como sucedi\u00f3 con Liga de Quito. El vuelo de ida y vuelta ser\u00e1 en charter minutos antes y despu\u00e9s del cotejo.<\/p>\n","protected":false},"excerpt":{"rendered":"<p>Julio Comparada dialog\u00f3 con los medios ecuatorianos luego de la pr\u00e1ctica matutina. El presidente manifest\u00f3 que &#8220;es un partido muy importante porque es un repechaje y se juega algo clave como lo es el ingreso a la Copa Libertadores&#8221;. Adem\u00e1s, considerando la importancia, agreg\u00f3 que &#8220;se trata de una final anticipada&#8221;. Cuando lo consultaron acerca [&hellip;]<\/p>\n","protected":false},"author":1,"featured_media":0,"comment_status":"open","ping_status":"open","sticky":false,"template":"","format":"standard","meta":{"_links_to":"","_links_to_target":""},"categories":[494,3,1],"tags":[153,285,261,33,262],"_links":{"self":[{"href":"https:\/\/www.locoxelrojo.com\/independiente\/wp-json\/wp\/v2\/posts\/4473"}],"collection":[{"href":"https:\/\/www.locoxelrojo.com\/independiente\/wp-json\/wp\/v2\/posts"}],"about":[{"href":"https:\/\/www.locoxelrojo.com\/independiente\/wp-json\/wp\/v2\/types\/post"}],"author":[{"embeddable":true,"href":"https:\/\/www.locoxelrojo.com\/independiente\/wp-json\/wp\/v2\/users\/1"}],"replies":[{"embeddable":true,"href":"https:\/\/www.locoxelrojo.com\/independiente\/wp-json\/wp\/v2\/comments?post=4473"}],"version-history":[{"count":0,"href":"https:\/\/www.locoxelrojo.com\/independiente\/wp-json\/wp\/v2\/posts\/4473\/revisions"}],"wp:attachment":[{"href":"https:\/\/www.locoxelrojo.com\/independiente\/wp-json\/wp\/v2\/media?parent=4473"}],"wp:term":[{"taxonomy":"category","embeddable":true,"href":"https:\/\/www.locoxelrojo.com\/independiente\/wp-json\/wp\/v2\/categories?post=4473"},{"taxonomy":"post_tag","embeddable":true,"href":"https:\/\/www.locoxelrojo.com\/independiente\/wp-json\/wp\/v2\/tags?post=4473"}],"curies":[{"name":"wp","href":"https:\/\/api.w.org\/{rel}","templated":true}]}}