{"id":44792,"date":"2014-06-30T16:35:02","date_gmt":"2014-06-30T19:35:02","guid":{"rendered":"http:\/\/www.locoxelrojo.com.ar\/independiente\/?p=44792"},"modified":"2014-06-30T16:35:02","modified_gmt":"2014-06-30T19:35:02","slug":"depotte-a-primera","status":"publish","type":"post","link":"https:\/\/www.locoxelrojo.com\/independiente\/2014\/06\/30\/depotte-a-primera\/","title":{"rendered":"Depotte a Primera"},"content":{"rendered":"<p>Alan Depotte, arquero que tuvo gran continuidad en el Selectivo de Gabriel Milito,<strong> fue subido a Primera. Esta ma\u00f1ana tuvo su primer entrenamiento con sus nuevos compa\u00f1eros.<\/strong><\/p>\n<p>Fabi\u00e1n Assmann e Hilario Navarro dejaron el club. <strong>Diego Rodr\u00edguez es el arquero titular, mientras que Facundo Daffonchio se qued\u00f3 con el lugar de primer suplente. De esta forma, Omar De Felippe decidi\u00f3 subir a Primera a Alan Depotte, que tuvo un buen rendimiento en la temporada del Selectivo dirigido por el Mariscal.<\/strong><\/p>\n<p><strong>El joven de 21 a\u00f1os naci\u00f3 el 28 de mayo de 1993 en Villa Elisa, mide 1,83 metros y lleg\u00f3 a Independiente en el 2006. Esta ma\u00f1ana entren\u00f3 por primera vez con la Primera y trot\u00f3 alrededor de la cancha junto a Rodr\u00edguez y Daffonchio.<\/strong> \u00a1Mucha suerte en este nuevo desaf\u00edo!<\/p>\n","protected":false},"excerpt":{"rendered":"<p>Alan Depotte, arquero que tuvo gran continuidad en el Selectivo de Gabriel Milito, fue subido a Primera. Esta ma\u00f1ana tuvo su primer entrenamiento con sus nuevos compa\u00f1eros. Fabi\u00e1n Assmann e Hilario Navarro dejaron el club. Diego Rodr\u00edguez es el arquero titular, mientras que Facundo Daffonchio se qued\u00f3 con el lugar de primer suplente. De esta [&hellip;]<\/p>\n","protected":false},"author":11,"featured_media":44793,"comment_status":"closed","ping_status":"closed","sticky":false,"template":"","format":"standard","meta":{"_links_to":"","_links_to_target":""},"categories":[3,1],"tags":[2703,153,42,3279],"_links":{"self":[{"href":"https:\/\/www.locoxelrojo.com\/independiente\/wp-json\/wp\/v2\/posts\/44792"}],"collection":[{"href":"https:\/\/www.locoxelrojo.com\/independiente\/wp-json\/wp\/v2\/posts"}],"about":[{"href":"https:\/\/www.locoxelrojo.com\/independiente\/wp-json\/wp\/v2\/types\/post"}],"author":[{"embeddable":true,"href":"https:\/\/www.locoxelrojo.com\/independiente\/wp-json\/wp\/v2\/users\/11"}],"replies":[{"embeddable":true,"href":"https:\/\/www.locoxelrojo.com\/independiente\/wp-json\/wp\/v2\/comments?post=44792"}],"version-history":[{"count":0,"href":"https:\/\/www.locoxelrojo.com\/independiente\/wp-json\/wp\/v2\/posts\/44792\/revisions"}],"wp:featuredmedia":[{"embeddable":true,"href":"https:\/\/www.locoxelrojo.com\/independiente\/wp-json\/wp\/v2\/media\/44793"}],"wp:attachment":[{"href":"https:\/\/www.locoxelrojo.com\/independiente\/wp-json\/wp\/v2\/media?parent=44792"}],"wp:term":[{"taxonomy":"category","embeddable":true,"href":"https:\/\/www.locoxelrojo.com\/independiente\/wp-json\/wp\/v2\/categories?post=44792"},{"taxonomy":"post_tag","embeddable":true,"href":"https:\/\/www.locoxelrojo.com\/independiente\/wp-json\/wp\/v2\/tags?post=44792"}],"curies":[{"name":"wp","href":"https:\/\/api.w.org\/{rel}","templated":true}]}}