{"id":44796,"date":"2014-06-30T20:54:53","date_gmt":"2014-06-30T23:54:53","guid":{"rendered":"http:\/\/www.locoxelrojo.com.ar\/independiente\/?p=44796"},"modified":"2014-06-30T23:28:23","modified_gmt":"2014-07-01T02:28:23","slug":"comenzaron-los-dobles-turnos","status":"publish","type":"post","link":"https:\/\/www.locoxelrojo.com\/independiente\/2014\/06\/30\/comenzaron-los-dobles-turnos\/","title":{"rendered":"Comenzaron los dobles turnos"},"content":{"rendered":"<p>Ya con la presencia de Omar De Felippe, <strong>Independiente arranc\u00f3 este lunes con los dobles turnos en el predio de Villa Dom\u00ednico.<\/strong> La \u00fanica cara nueva fue la de Javier B\u00e1ez, quien regres\u00f3 de su paso por Defensa y Justicia, pero se ausent\u00f3 de la pr\u00e1ctica de la tarde para cerrar su pase a pr\u00e9stamo al Club Deportes Iquique de Chile.<\/p>\n<p><strong>Recuperado de su operaci\u00f3n en la cadera, De Felippe dijo presente y este lunes se puso nuevamente el buzo de DT de Independiente.<\/strong> A la espera de la pretemporada, el Rojo arranc\u00f3 en el predio de Santo Domingo con los trabajos en doble turno. <strong>El turno matutino fue a puro ejercicio f\u00edsico, con el plantel dividido en cuatro grupos, mientras que por la tarde hubo contacto con la pelota.<\/strong><\/p>\n<p><strong>Adem\u00e1s del arquero Alan Depotte, recientemente promovido a Primera, la otra cara nueva fue la de B\u00e1ez, quien pas\u00f3 a la ma\u00f1ana por el predio. Tuvo una larga charla con el entrenador y por la tarde se ausent\u00f3 con aviso para renovar su contrato por un a\u00f1o m\u00e1s y cerrar su pr\u00e9stamo al Club Deportes Iquique de Chile.<\/strong><\/p>\n<p><strong>Ma\u00f1ana martes habr\u00e1 una nueva jornada en doble turno. Las tareas arrancan a partir de las 9, mientras que por la tarde ser\u00e1n desde las 15:30, a puertas cerradas.<\/strong><\/p>\n","protected":false},"excerpt":{"rendered":"<p>Ya con la presencia de Omar De Felippe, Independiente arranc\u00f3 este lunes con los dobles turnos en el predio de Villa Dom\u00ednico. La \u00fanica cara nueva fue la de Javier B\u00e1ez, quien regres\u00f3 de su paso por Defensa y Justicia, pero se ausent\u00f3 de la pr\u00e1ctica de la tarde para cerrar su pase a pr\u00e9stamo [&hellip;]<\/p>\n","protected":false},"author":1,"featured_media":44797,"comment_status":"closed","ping_status":"closed","sticky":false,"template":"","format":"standard","meta":{"_links_to":"","_links_to_target":""},"categories":[3,1],"tags":[2703,2319,26,221,2501,172],"_links":{"self":[{"href":"https:\/\/www.locoxelrojo.com\/independiente\/wp-json\/wp\/v2\/posts\/44796"}],"collection":[{"href":"https:\/\/www.locoxelrojo.com\/independiente\/wp-json\/wp\/v2\/posts"}],"about":[{"href":"https:\/\/www.locoxelrojo.com\/independiente\/wp-json\/wp\/v2\/types\/post"}],"author":[{"embeddable":true,"href":"https:\/\/www.locoxelrojo.com\/independiente\/wp-json\/wp\/v2\/users\/1"}],"replies":[{"embeddable":true,"href":"https:\/\/www.locoxelrojo.com\/independiente\/wp-json\/wp\/v2\/comments?post=44796"}],"version-history":[{"count":0,"href":"https:\/\/www.locoxelrojo.com\/independiente\/wp-json\/wp\/v2\/posts\/44796\/revisions"}],"wp:featuredmedia":[{"embeddable":true,"href":"https:\/\/www.locoxelrojo.com\/independiente\/wp-json\/wp\/v2\/media\/44797"}],"wp:attachment":[{"href":"https:\/\/www.locoxelrojo.com\/independiente\/wp-json\/wp\/v2\/media?parent=44796"}],"wp:term":[{"taxonomy":"category","embeddable":true,"href":"https:\/\/www.locoxelrojo.com\/independiente\/wp-json\/wp\/v2\/categories?post=44796"},{"taxonomy":"post_tag","embeddable":true,"href":"https:\/\/www.locoxelrojo.com\/independiente\/wp-json\/wp\/v2\/tags?post=44796"}],"curies":[{"name":"wp","href":"https:\/\/api.w.org\/{rel}","templated":true}]}}