{"id":4486,"date":"2011-02-02T00:15:15","date_gmt":"2011-02-02T02:15:15","guid":{"rendered":"http:\/\/www.locoxelrojo.com.ar\/independiente\/?p=4486"},"modified":"2011-02-02T04:31:19","modified_gmt":"2011-02-02T06:31:19","slug":"agresiones-en-la-previa","status":"publish","type":"post","link":"https:\/\/www.locoxelrojo.com\/independiente\/2011\/02\/02\/agresiones-en-la-previa\/","title":{"rendered":"Agresiones en la previa"},"content":{"rendered":"<p><a href=\"http:\/\/www.locoxelrojo.com.ar\/independiente\/wp-content\/uploads\/2011\/02\/Independiente_Quito.jpg\"><img loading=\"lazy\" class=\"alignnone size-full wp-image-4487\" title=\"Independiente_Quito\" src=\"http:\/\/www.locoxelrojo.com.ar\/independiente\/wp-content\/uploads\/2011\/02\/Independiente_Quito.jpg\" alt=\"\" width=\"550\" height=\"315\" srcset=\"https:\/\/locoxelrojo.com\/independiente\/wp-content\/uploads\/2011\/02\/Independiente_Quito.jpg 550w, https:\/\/locoxelrojo.com\/independiente\/wp-content\/uploads\/2011\/02\/Independiente_Quito-300x171.jpg 300w\" sizes=\"(max-width: 550px) 100vw, 550px\" \/><\/a><\/p>\n<p>No hay caso, Independiente recibi\u00f3 a los dirigentes de Deportivo Quito en una recorrida por el Estadio Libertadores de Am\u00e9rica y con asado de por medio. Sin embargo, hoy la parcialidad de Independiente volvi\u00f3 a ser maltratada.<\/p>\n<p>Un hincha sufri\u00f3 un corte en uno de sus p\u00f3mulos  como consecuencia de un cruce\u00a0 con un grupo de hinchas locales cuando se trasladaban al estadio Ol\u00edmpico Atahualpa para  presenciar el encuentro frente al local Deportivo Quito.<\/p>\n<p>El coronel Daniel Hermosa advirti\u00f3 a la prensa roja en Quito que &#8220;simpatizantes de Deportivo Quito arrojaron  piedras y botellas contra el \u00f3mnibus que trasladaba a los hinchas de  Independiente al estadio y<\/p>\n<p>como consecuencia de ese hecho, el \u00f3mnibus sufri\u00f3 la rotura de los  vidrios de algunas ventanillas y puede ser que alg\u00fan simpatizante de  Independiente resultara herido&#8221;.<\/p>\n<p>Asimismo agreg\u00f3 que los simpatizantes de Independiente ven\u00edan  custodiados por la polic\u00eda, pero los hinchas de Deportivo Quito  desbordaron la custodia. Si bien seg\u00fan informaron los agresores fueron detenidos y deberan pagar las roturas, otra vez se repiti\u00f3 la historia&#8230;<\/p>\n","protected":false},"excerpt":{"rendered":"<p>No hay caso, Independiente recibi\u00f3 a los dirigentes de Deportivo Quito en una recorrida por el Estadio Libertadores de Am\u00e9rica y con asado de por medio. Sin embargo, hoy la parcialidad de Independiente volvi\u00f3 a ser maltratada. Un hincha sufri\u00f3 un corte en uno de sus p\u00f3mulos como consecuencia de un cruce\u00a0 con un grupo [&hellip;]<\/p>\n","protected":false},"author":1,"featured_media":0,"comment_status":"open","ping_status":"open","sticky":false,"template":"","format":"standard","meta":{"_links_to":"","_links_to_target":""},"categories":[494,1],"tags":[153,285],"_links":{"self":[{"href":"https:\/\/www.locoxelrojo.com\/independiente\/wp-json\/wp\/v2\/posts\/4486"}],"collection":[{"href":"https:\/\/www.locoxelrojo.com\/independiente\/wp-json\/wp\/v2\/posts"}],"about":[{"href":"https:\/\/www.locoxelrojo.com\/independiente\/wp-json\/wp\/v2\/types\/post"}],"author":[{"embeddable":true,"href":"https:\/\/www.locoxelrojo.com\/independiente\/wp-json\/wp\/v2\/users\/1"}],"replies":[{"embeddable":true,"href":"https:\/\/www.locoxelrojo.com\/independiente\/wp-json\/wp\/v2\/comments?post=4486"}],"version-history":[{"count":0,"href":"https:\/\/www.locoxelrojo.com\/independiente\/wp-json\/wp\/v2\/posts\/4486\/revisions"}],"wp:attachment":[{"href":"https:\/\/www.locoxelrojo.com\/independiente\/wp-json\/wp\/v2\/media?parent=4486"}],"wp:term":[{"taxonomy":"category","embeddable":true,"href":"https:\/\/www.locoxelrojo.com\/independiente\/wp-json\/wp\/v2\/categories?post=4486"},{"taxonomy":"post_tag","embeddable":true,"href":"https:\/\/www.locoxelrojo.com\/independiente\/wp-json\/wp\/v2\/tags?post=4486"}],"curies":[{"name":"wp","href":"https:\/\/api.w.org\/{rel}","templated":true}]}}