{"id":45065,"date":"2014-07-12T16:33:57","date_gmt":"2014-07-12T19:33:57","guid":{"rendered":"http:\/\/www.locoxelrojo.com.ar\/independiente\/?p=45065"},"modified":"2014-07-16T00:52:08","modified_gmt":"2014-07-16T03:52:08","slug":"todo-listo-para-la-pretemporada","status":"publish","type":"post","link":"https:\/\/www.locoxelrojo.com\/independiente\/2014\/07\/12\/todo-listo-para-la-pretemporada\/","title":{"rendered":"Todo listo para la pretemporada"},"content":{"rendered":"<p><strong>El plantel de Independiente realizar\u00e1 la pretemporada en el Sofitel de la Reserva Cardales desde el lunes 14 hasta el viernes 25 de julio.<\/strong> A partir de ma\u00f1ana domingo a las 23, quedar\u00e1n concentrados los 28 jugadores que viajar\u00e1n a entrenarse.<\/p>\n<p>La parte m\u00e1s intensa de los trabajos de pretemporada ya tiene fecha y lugar. Ser\u00e1 en Complejo Sofitel de la Reserva Cardales.<strong> El plantel est\u00e1 citado para el domingo a las 23 y desde el lunes 14 julio hasta el viernes 25 permanecer\u00e1n concentrados.<\/strong><\/p>\n<p>De los jugadores que ven\u00edan trabajando junto a Omar De Felippe en el predio de Villa Dom\u00ednico\u00a0<strong>quedaron desafectados: Walter Busse, Lucas Villaf\u00e1\u00f1ez, Patricio Vidal y Maximiliano Herrera.<\/strong> Por su parte, <strong>Iv\u00e1n P\u00e9rez fue el \u00fanico de los que regresaron que integra la n\u00f3mina.<\/strong> Adem\u00e1s, <strong>Mart\u00edn Ben\u00edtez y Alexis Z\u00e1rate fueron indultados, luego de su problema judicial.<\/strong><\/p>\n<p><strong>Lista de jugadores:<\/strong><\/p>\n<p><strong>Arqueros:<\/strong> Alan Depotte, Facundo Daffonchio, Diego Rodr\u00edguez.<\/p>\n<p><strong>Defensores:<\/strong> Nicol\u00e1s Figal, Juan Manuel Trejo, Alexis Z\u00e1rate, Juli\u00e1n Vel\u00e1zquez, N\u00e9stor Breitenbruch, Sergio Ojeda, Cristian Tula, Gabriel Vall\u00e9s, Lucas Villalba, Rafael Barrios.<\/p>\n<p><strong>Volantes:<\/strong> Federico Mancuello, Franco Bellocq, Fabi\u00e1n Monserrat, Mat\u00edas Pisano, Francisco Pizzini, Christian Ortiz, Federico Ins\u00faa, Guillermo Pereira, Leonel Miranda, Marcelo Vidal, Iv\u00e1n P\u00e9rez, Sa\u00fal Nelle.<\/p>\n<p><strong>Delanteros:<\/strong> Adri\u00e1n Fern\u00e1ndez, Mart\u00edn Ben\u00edtez, Sebasti\u00e1n Penco.<\/p>\n","protected":false},"excerpt":{"rendered":"<p>El plantel de Independiente realizar\u00e1 la pretemporada en el Sofitel de la Reserva Cardales desde el lunes 14 hasta el viernes 25 de julio. A partir de ma\u00f1ana domingo a las 23, quedar\u00e1n concentrados los 28 jugadores que viajar\u00e1n a entrenarse. La parte m\u00e1s intensa de los trabajos de pretemporada ya tiene fecha y lugar. [&hellip;]<\/p>\n","protected":false},"author":20,"featured_media":45066,"comment_status":"closed","ping_status":"closed","sticky":false,"template":"","format":"standard","meta":{"_links_to":"","_links_to_target":""},"categories":[3,1],"tags":[92,153,187,61,258,705,2032,98,2501,2714,28],"_links":{"self":[{"href":"https:\/\/www.locoxelrojo.com\/independiente\/wp-json\/wp\/v2\/posts\/45065"}],"collection":[{"href":"https:\/\/www.locoxelrojo.com\/independiente\/wp-json\/wp\/v2\/posts"}],"about":[{"href":"https:\/\/www.locoxelrojo.com\/independiente\/wp-json\/wp\/v2\/types\/post"}],"author":[{"embeddable":true,"href":"https:\/\/www.locoxelrojo.com\/independiente\/wp-json\/wp\/v2\/users\/20"}],"replies":[{"embeddable":true,"href":"https:\/\/www.locoxelrojo.com\/independiente\/wp-json\/wp\/v2\/comments?post=45065"}],"version-history":[{"count":0,"href":"https:\/\/www.locoxelrojo.com\/independiente\/wp-json\/wp\/v2\/posts\/45065\/revisions"}],"wp:featuredmedia":[{"embeddable":true,"href":"https:\/\/www.locoxelrojo.com\/independiente\/wp-json\/wp\/v2\/media\/45066"}],"wp:attachment":[{"href":"https:\/\/www.locoxelrojo.com\/independiente\/wp-json\/wp\/v2\/media?parent=45065"}],"wp:term":[{"taxonomy":"category","embeddable":true,"href":"https:\/\/www.locoxelrojo.com\/independiente\/wp-json\/wp\/v2\/categories?post=45065"},{"taxonomy":"post_tag","embeddable":true,"href":"https:\/\/www.locoxelrojo.com\/independiente\/wp-json\/wp\/v2\/tags?post=45065"}],"curies":[{"name":"wp","href":"https:\/\/api.w.org\/{rel}","templated":true}]}}