{"id":45077,"date":"2014-07-14T20:30:01","date_gmt":"2014-07-14T23:30:01","guid":{"rendered":"http:\/\/www.locoxelrojo.com.ar\/independiente\/?p=45077"},"modified":"2014-07-14T20:53:24","modified_gmt":"2014-07-14T23:53:24","slug":"sin-caras-nuevas-arranco-la-pretemporada-en-cardales","status":"publish","type":"post","link":"https:\/\/www.locoxelrojo.com\/independiente\/2014\/07\/14\/sin-caras-nuevas-arranco-la-pretemporada-en-cardales\/","title":{"rendered":"Sin caras nuevas, arranc\u00f3 la pretemporada en Cardales"},"content":{"rendered":"<p>El plantel de Independiente empez\u00f3 la parte m\u00e1s dura de la pretemporada. <strong>En el Sofitel de Cardales, 28 jugadores se entrenaron en una jornada a doble turno bajo las \u00f3rdenes de Omar De Felippe, quien todav\u00eda no cuenta con ning\u00fan refuerzo<\/strong> para el Torneo de Transici\u00f3n.<\/p>\n<p><strong>La ma\u00f1ana se dividi\u00f3 en diferentes tandas de ejercicios f\u00edsicos, mientras que a la tarde hubo trabajos con pelota y ejercicios t\u00e1cticos<\/strong>. En el entrenamiento estuvieron presentes Mart\u00edn Ben\u00edtez y Alexis Z\u00e1rate, indultados despu\u00e9s de su problema judicial.<\/p>\n<p>Mientras tanto, las caras nuevas todav\u00eda no aparecen. <strong>De los jugadores que volvieron de sus pr\u00e9stamos, s\u00f3lo Iv\u00e1n P\u00e9rez viaj\u00f3 a Cardales<\/strong>, ya que Walter Busse, Lucas Villaf\u00e1\u00f1ez, Patricio Vidal y Maximiliano Herrera fueron desafectados. <strong>A tres semanas del comienzo del campeonato, De Felippe sigue a la espera de los refuerzos<\/strong>.<\/p>\n<p><strong>Los 28 jugadores que arrancaron la pretemporada:<\/strong><\/p>\n<p><strong>Arqueros:<\/strong> Alan Depotte, Facundo Daffonchio y Diego Rodr\u00edguez.<\/p>\n<p><strong>Defensores:<\/strong> Nicol\u00e1s Figal, Juan Manuel Trejo, Alexis Z\u00e1rate, Juli\u00e1n Vel\u00e1zquez, N\u00e9stor Breitenbruch, Sergio Ojeda, Cristian Tula, Gabriel Vall\u00e9s, Lucas Villalba y Rafael Barrios.<\/p>\n<p><strong>Volantes:<\/strong> Federico Mancuello, Franco Bellocq, Fabi\u00e1n Monserrat, Mat\u00edas Pisano, Francisco Pizzini, Christian Ortiz, Federico Ins\u00faa, Guillermo Pereira, Leonel Miranda, Marcelo Vidal, Iv\u00e1n P\u00e9rez y Sa\u00fal Nelle.<\/p>\n<p><strong> Delanteros:<\/strong> Adri\u00e1n Fern\u00e1ndez, Mart\u00edn Ben\u00edtez y Sebasti\u00e1n Penco.<\/p>\n","protected":false},"excerpt":{"rendered":"<p>El plantel de Independiente empez\u00f3 la parte m\u00e1s dura de la pretemporada. En el Sofitel de Cardales, 28 jugadores se entrenaron en una jornada a doble turno bajo las \u00f3rdenes de Omar De Felippe, quien todav\u00eda no cuenta con ning\u00fan refuerzo para el Torneo de Transici\u00f3n. La ma\u00f1ana se dividi\u00f3 en diferentes tandas de ejercicios [&hellip;]<\/p>\n","protected":false},"author":8,"featured_media":45090,"comment_status":"closed","ping_status":"closed","sticky":false,"template":"","format":"standard","meta":{"_links_to":"","_links_to_target":""},"categories":[3,1],"tags":[2032,2501,2714],"_links":{"self":[{"href":"https:\/\/www.locoxelrojo.com\/independiente\/wp-json\/wp\/v2\/posts\/45077"}],"collection":[{"href":"https:\/\/www.locoxelrojo.com\/independiente\/wp-json\/wp\/v2\/posts"}],"about":[{"href":"https:\/\/www.locoxelrojo.com\/independiente\/wp-json\/wp\/v2\/types\/post"}],"author":[{"embeddable":true,"href":"https:\/\/www.locoxelrojo.com\/independiente\/wp-json\/wp\/v2\/users\/8"}],"replies":[{"embeddable":true,"href":"https:\/\/www.locoxelrojo.com\/independiente\/wp-json\/wp\/v2\/comments?post=45077"}],"version-history":[{"count":0,"href":"https:\/\/www.locoxelrojo.com\/independiente\/wp-json\/wp\/v2\/posts\/45077\/revisions"}],"wp:featuredmedia":[{"embeddable":true,"href":"https:\/\/www.locoxelrojo.com\/independiente\/wp-json\/wp\/v2\/media\/45090"}],"wp:attachment":[{"href":"https:\/\/www.locoxelrojo.com\/independiente\/wp-json\/wp\/v2\/media?parent=45077"}],"wp:term":[{"taxonomy":"category","embeddable":true,"href":"https:\/\/www.locoxelrojo.com\/independiente\/wp-json\/wp\/v2\/categories?post=45077"},{"taxonomy":"post_tag","embeddable":true,"href":"https:\/\/www.locoxelrojo.com\/independiente\/wp-json\/wp\/v2\/tags?post=45077"}],"curies":[{"name":"wp","href":"https:\/\/api.w.org\/{rel}","templated":true}]}}