{"id":45149,"date":"2014-07-15T17:35:37","date_gmt":"2014-07-15T20:35:37","guid":{"rendered":"http:\/\/www.locoxelrojo.com.ar\/independiente\/?p=45149"},"modified":"2014-07-16T01:48:26","modified_gmt":"2014-07-16T04:48:26","slug":"se-fue-el-segundo-dia","status":"publish","type":"post","link":"https:\/\/www.locoxelrojo.com\/independiente\/2014\/07\/15\/se-fue-el-segundo-dia\/","title":{"rendered":"Se fue el segundo d\u00eda"},"content":{"rendered":"<p>El plantel de Independiente realiz\u00f3 su segundo d\u00eda de pretemporada en el complejo ubicado en Cardales <strong>con principal foco en los trabajos f\u00edsicos. Omar De Felippe estuvo al frente a la espera de refuerzos.<\/strong><\/p>\n<p>Mientras los futbolistas que quedaron en el Rojo trabajan de cara al comienzo del torneo, <strong>el entrenador est\u00e1 preocupado porque a\u00fan no lleg\u00f3 ning\u00fan refuerzo y ni siquiera \u00e9l firm\u00f3 la renovaci\u00f3n de su contrato.<\/strong> En el medio de la incertidumbre, los jugadores se enfocaron en trabajos f\u00edsicos en el campo de golf que posee el predio.<\/p>\n<p>Ma\u00f1ana iba a haber un amistoso contra V\u00e9lez, <strong>pero por cuestiones clim\u00e1ticas se posterg\u00f3 al jueves. De esta manera, el Rojo tendr\u00e1 ma\u00f1ana su tercer d\u00eda de pretemporada, que finaliza el viernes 25 de julio.<\/strong><\/p>\n","protected":false},"excerpt":{"rendered":"<p>El plantel de Independiente realiz\u00f3 su segundo d\u00eda de pretemporada en el complejo ubicado en Cardales con principal foco en los trabajos f\u00edsicos. Omar De Felippe estuvo al frente a la espera de refuerzos. Mientras los futbolistas que quedaron en el Rojo trabajan de cara al comienzo del torneo, el entrenador est\u00e1 preocupado porque a\u00fan [&hellip;]<\/p>\n","protected":false},"author":11,"featured_media":45151,"comment_status":"closed","ping_status":"closed","sticky":false,"template":"","format":"standard","meta":{"_links_to":"","_links_to_target":""},"categories":[3,1],"tags":[2718,153,2032,471,2719],"_links":{"self":[{"href":"https:\/\/www.locoxelrojo.com\/independiente\/wp-json\/wp\/v2\/posts\/45149"}],"collection":[{"href":"https:\/\/www.locoxelrojo.com\/independiente\/wp-json\/wp\/v2\/posts"}],"about":[{"href":"https:\/\/www.locoxelrojo.com\/independiente\/wp-json\/wp\/v2\/types\/post"}],"author":[{"embeddable":true,"href":"https:\/\/www.locoxelrojo.com\/independiente\/wp-json\/wp\/v2\/users\/11"}],"replies":[{"embeddable":true,"href":"https:\/\/www.locoxelrojo.com\/independiente\/wp-json\/wp\/v2\/comments?post=45149"}],"version-history":[{"count":0,"href":"https:\/\/www.locoxelrojo.com\/independiente\/wp-json\/wp\/v2\/posts\/45149\/revisions"}],"wp:featuredmedia":[{"embeddable":true,"href":"https:\/\/www.locoxelrojo.com\/independiente\/wp-json\/wp\/v2\/media\/45151"}],"wp:attachment":[{"href":"https:\/\/www.locoxelrojo.com\/independiente\/wp-json\/wp\/v2\/media?parent=45149"}],"wp:term":[{"taxonomy":"category","embeddable":true,"href":"https:\/\/www.locoxelrojo.com\/independiente\/wp-json\/wp\/v2\/categories?post=45149"},{"taxonomy":"post_tag","embeddable":true,"href":"https:\/\/www.locoxelrojo.com\/independiente\/wp-json\/wp\/v2\/tags?post=45149"}],"curies":[{"name":"wp","href":"https:\/\/api.w.org\/{rel}","templated":true}]}}