{"id":45269,"date":"2014-07-21T13:52:00","date_gmt":"2014-07-21T16:52:00","guid":{"rendered":"http:\/\/www.locoxelrojo.com.ar\/independiente\/?p=45269"},"modified":"2014-07-21T23:02:16","modified_gmt":"2014-07-22T02:02:16","slug":"se-suman-a-la-pretemporada-en-cardales","status":"publish","type":"post","link":"https:\/\/www.locoxelrojo.com\/independiente\/2014\/07\/21\/se-suman-a-la-pretemporada-en-cardales\/","title":{"rendered":"Se suman a la pretemporada en Cardales"},"content":{"rendered":"<p>Este lunes se sumaron siete caras nuevas a la pretemporada de Independiente en Cardales: <strong>Walter Busse, Lucas Villaf\u00e1\u00f1ez, Patricio Vidal, Agust\u00edn Eloy Rodr\u00edguez, Maximiliano Herrera, Nicol\u00e1s Campisi y Rodrigo Moreira.<\/strong><\/p>\n<p>Con la salida de Omar De Felippe y la llegada de Jorge Almir\u00f3n, <strong>este lunes se sumaron siete jugadores a la pretemporada que est\u00e1 realizando el plantel profesional en Cardales.<\/strong><\/p>\n<p>Busse, Villaf\u00e1\u00f1ez, Vidal, Eloy Rodr\u00edguez y Herrera hab\u00edan quedado desafectados por De Felippe, pero <strong>Almir\u00f3n quiere verlos de cerca antes de tomar una decisi\u00f3n final sobre su futuro.<\/strong><\/p>\n<p>El caso de Moreira es diferente. <strong>El juvenil form\u00f3 parte del grupo de Sparring de la Selecci\u00f3n Nacional en el Mundial de Brasil 2014<\/strong>. Es central, tiene 18 a\u00f1os y varias veces Gabriel Milito lo utiliz\u00f3 tambi\u00e9n como lateral. <strong>El t\u00e9cnico lo evaluar\u00e1 unos d\u00edas y ver\u00e1 si contin\u00faa con los profesionales o volver\u00e1 a trabajar con la Reserva junto al Mariscal.<\/strong><\/p>\n<p>Por su parte, <strong>Campisi es el arquero de la Quinta Divisi\u00f3n. Mide 1.86 y tiene apenas 17 a\u00f1os.<\/strong><\/p>\n","protected":false},"excerpt":{"rendered":"<p>Este lunes se sumaron siete caras nuevas a la pretemporada de Independiente en Cardales: Walter Busse, Lucas Villaf\u00e1\u00f1ez, Patricio Vidal, Agust\u00edn Eloy Rodr\u00edguez, Maximiliano Herrera, Nicol\u00e1s Campisi y Rodrigo Moreira. Con la salida de Omar De Felippe y la llegada de Jorge Almir\u00f3n, este lunes se sumaron siete jugadores a la pretemporada que est\u00e1 realizando [&hellip;]<\/p>\n","protected":false},"author":1,"featured_media":45270,"comment_status":"closed","ping_status":"closed","sticky":false,"template":"","format":"standard","meta":{"_links_to":"","_links_to_target":""},"categories":[3,1],"tags":[1960,2724,61,705,98,2501,810,2714,28],"_links":{"self":[{"href":"https:\/\/www.locoxelrojo.com\/independiente\/wp-json\/wp\/v2\/posts\/45269"}],"collection":[{"href":"https:\/\/www.locoxelrojo.com\/independiente\/wp-json\/wp\/v2\/posts"}],"about":[{"href":"https:\/\/www.locoxelrojo.com\/independiente\/wp-json\/wp\/v2\/types\/post"}],"author":[{"embeddable":true,"href":"https:\/\/www.locoxelrojo.com\/independiente\/wp-json\/wp\/v2\/users\/1"}],"replies":[{"embeddable":true,"href":"https:\/\/www.locoxelrojo.com\/independiente\/wp-json\/wp\/v2\/comments?post=45269"}],"version-history":[{"count":0,"href":"https:\/\/www.locoxelrojo.com\/independiente\/wp-json\/wp\/v2\/posts\/45269\/revisions"}],"wp:featuredmedia":[{"embeddable":true,"href":"https:\/\/www.locoxelrojo.com\/independiente\/wp-json\/wp\/v2\/media\/45270"}],"wp:attachment":[{"href":"https:\/\/www.locoxelrojo.com\/independiente\/wp-json\/wp\/v2\/media?parent=45269"}],"wp:term":[{"taxonomy":"category","embeddable":true,"href":"https:\/\/www.locoxelrojo.com\/independiente\/wp-json\/wp\/v2\/categories?post=45269"},{"taxonomy":"post_tag","embeddable":true,"href":"https:\/\/www.locoxelrojo.com\/independiente\/wp-json\/wp\/v2\/tags?post=45269"}],"curies":[{"name":"wp","href":"https:\/\/api.w.org\/{rel}","templated":true}]}}