{"id":4528,"date":"2011-02-03T21:59:32","date_gmt":"2011-02-03T23:59:32","guid":{"rendered":"http:\/\/www.locoxelrojo.com.ar\/independiente\/?p=4528"},"modified":"2011-02-03T21:59:32","modified_gmt":"2011-02-03T23:59:32","slug":"poco-descanso-y-a-pensar-en-tigre","status":"publish","type":"post","link":"https:\/\/www.locoxelrojo.com\/independiente\/2011\/02\/03\/poco-descanso-y-a-pensar-en-tigre\/","title":{"rendered":"Poco descanso y a pensar en Tigre"},"content":{"rendered":"<p><a href=\"http:\/\/www.locoxelrojo.com.ar\/independiente\/wp-content\/uploads\/2011\/02\/silvera-pato-dominico.jpg\"><img loading=\"lazy\" class=\"alignnone size-full wp-image-4529\" title=\"silvera-pato-dominico\" src=\"http:\/\/www.locoxelrojo.com.ar\/independiente\/wp-content\/uploads\/2011\/02\/silvera-pato-dominico.jpg\" alt=\"\" width=\"550\" height=\"315\" srcset=\"https:\/\/locoxelrojo.com\/independiente\/wp-content\/uploads\/2011\/02\/silvera-pato-dominico.jpg 550w, https:\/\/locoxelrojo.com\/independiente\/wp-content\/uploads\/2011\/02\/silvera-pato-dominico-300x171.jpg 300w\" sizes=\"(max-width: 550px) 100vw, 550px\" \/><\/a><\/p>\n<p>El Rojo no tiene descanso. Ayer arrib\u00f3 al pa\u00eds proveniente de Ecuador, luego de la clasificaci\u00f3n a la Fase de Grupos de la Copa Libertadores. En el d\u00eda de hoy tuvo la ma\u00f1ana libre y por la tarde practico en el predio de Villa Dominico.<\/p>\n<p>El \u00e1nimo del plantel era excelente y a pesar del intenso calor reino el buen humor. Los titulares quienes jugaron el partido en Quito, realizaron una entrada en calor, trabajos regenerativos y algunos movimientos con pelota. El resto luego de una breve entrada en calor realizaron un f\u00fatbol en espacios reducidos.<\/p>\n<p>Hern\u00e1n Fredes, quien contin\u00faa recuper\u00e1ndose de su lesi\u00f3n, se dedico a trotar alrededor de la cancha, mientras que Mat\u00edas Defederico, con un golpe intercostal y Eduardo Tuzzio, quien sigue con sus problemas en el tibial derecho, realizaron tareas en el gimnasio.<\/p>\n<p>De cara al partido con Tigre, Mohamed va a guardar algunos jugadores. Eduardo Tuzzio y Andr\u00e9s Silvera, no ser\u00e1n de la partida. Tampoco podr\u00e1n hacerlo los refuerzos Mat\u00edas Defederico e Iv\u00e1n V\u00e9lez.<\/p>\n<p>Ma\u00f1ana habr\u00e1 un nuevo entrenamiento por la ma\u00f1ana, nuevamente en el predio de Dominico, en donde el DT definir\u00e1 los 11 que saldr\u00e1n a completar el partido pendiente de la  Fecha 18 del Torneo Apertura.<\/p>\n","protected":false},"excerpt":{"rendered":"<p>El Rojo no tiene descanso. Ayer arrib\u00f3 al pa\u00eds proveniente de Ecuador, luego de la clasificaci\u00f3n a la Fase de Grupos de la Copa Libertadores. En el d\u00eda de hoy tuvo la ma\u00f1ana libre y por la tarde practico en el predio de Villa Dominico. El \u00e1nimo del plantel era excelente y a pesar del [&hellip;]<\/p>\n","protected":false},"author":1,"featured_media":0,"comment_status":"open","ping_status":"open","sticky":false,"template":"","format":"standard","meta":{"_links_to":"","_links_to_target":""},"categories":[3,1],"tags":[155,115,153,135,71,412,379,309],"_links":{"self":[{"href":"https:\/\/www.locoxelrojo.com\/independiente\/wp-json\/wp\/v2\/posts\/4528"}],"collection":[{"href":"https:\/\/www.locoxelrojo.com\/independiente\/wp-json\/wp\/v2\/posts"}],"about":[{"href":"https:\/\/www.locoxelrojo.com\/independiente\/wp-json\/wp\/v2\/types\/post"}],"author":[{"embeddable":true,"href":"https:\/\/www.locoxelrojo.com\/independiente\/wp-json\/wp\/v2\/users\/1"}],"replies":[{"embeddable":true,"href":"https:\/\/www.locoxelrojo.com\/independiente\/wp-json\/wp\/v2\/comments?post=4528"}],"version-history":[{"count":0,"href":"https:\/\/www.locoxelrojo.com\/independiente\/wp-json\/wp\/v2\/posts\/4528\/revisions"}],"wp:attachment":[{"href":"https:\/\/www.locoxelrojo.com\/independiente\/wp-json\/wp\/v2\/media?parent=4528"}],"wp:term":[{"taxonomy":"category","embeddable":true,"href":"https:\/\/www.locoxelrojo.com\/independiente\/wp-json\/wp\/v2\/categories?post=4528"},{"taxonomy":"post_tag","embeddable":true,"href":"https:\/\/www.locoxelrojo.com\/independiente\/wp-json\/wp\/v2\/tags?post=4528"}],"curies":[{"name":"wp","href":"https:\/\/api.w.org\/{rel}","templated":true}]}}