{"id":45351,"date":"2014-07-22T14:16:08","date_gmt":"2014-07-22T17:16:08","guid":{"rendered":"http:\/\/www.locoxelrojo.com.ar\/independiente\/?p=45351"},"modified":"2014-07-22T17:20:19","modified_gmt":"2014-07-22T20:20:19","slug":"mancuello-esta-es-mi-casa-y-la-intencion-es-quedarme-aca","status":"publish","type":"post","link":"https:\/\/www.locoxelrojo.com\/independiente\/2014\/07\/22\/mancuello-esta-es-mi-casa-y-la-intencion-es-quedarme-aca\/","title":{"rendered":"Mancuello: \u201c\u00c9sta es mi casa y la intenci\u00f3n es quedarme ac\u00e1\u201d"},"content":{"rendered":"<p>Federico Mancuello dialog\u00f3 con la prensa una vez finalizado el entrenamiento matinal del d\u00eda martes y <strong>afirm\u00f3 que tanto \u00e9l como sus compa\u00f1eros tienen la mente puesta en hacer una buena pretemporada para arrancar de la mejor manera posible el campeonato de Primera Divisi\u00f3n<\/strong>. Adem\u00e1s, dej\u00f3 en claro que su idea es continuar en Independiente. <strong>\u201c\u00c9sta es mi casa y la intenci\u00f3n es quedarme ac\u00e1\u201d<\/strong>, manifest\u00f3.<\/p>\n<p>El volante destac\u00f3 la responsabilidad con la que est\u00e1 trabajando el plantel en Cardales bajo las \u00f3rdenes del nuevo t\u00e9cnico, Jorge Almir\u00f3n: <strong>\u201cQueremos acoplarnos lo m\u00e1s r\u00e1pido posible a las ideas de Almir\u00f3n. Veo al grupo muy comprometido\u201d<\/strong>.<\/p>\n<p>Por otra parte, hizo referencia a lo dif\u00edcil que fue el transcurso en la B Nacional y asegur\u00f3 que nunca se le cruz\u00f3 por la cabeza irse del club. <strong>\u201cVenimos de un a\u00f1o muy duro y siempre salimos adelante. Mis ganas est\u00e1n puestas en volver a jugar con Independiente en Primera\u201d<\/strong>, confes\u00f3.<\/p>\n<p>Para finalizar, valor\u00f3 el afecto que le brindan los hinchas del Rojo y remarc\u00f3 la importancia que le significa el club. <strong>\u201cEl cari\u00f1o de la gente es algo que motiva. Independiente siempre va a estar por delante de m\u00ed\u201d<\/strong>, cerr\u00f3.<\/p>\n","protected":false},"excerpt":{"rendered":"<p>Federico Mancuello dialog\u00f3 con la prensa una vez finalizado el entrenamiento matinal del d\u00eda martes y afirm\u00f3 que tanto \u00e9l como sus compa\u00f1eros tienen la mente puesta en hacer una buena pretemporada para arrancar de la mejor manera posible el campeonato de Primera Divisi\u00f3n. Adem\u00e1s, dej\u00f3 en claro que su idea es continuar en Independiente. [&hellip;]<\/p>\n","protected":false},"author":20,"featured_media":45352,"comment_status":"closed","ping_status":"closed","sticky":false,"template":"","format":"standard","meta":{"_links_to":"","_links_to_target":""},"categories":[3,1],"tags":[48,2501],"_links":{"self":[{"href":"https:\/\/www.locoxelrojo.com\/independiente\/wp-json\/wp\/v2\/posts\/45351"}],"collection":[{"href":"https:\/\/www.locoxelrojo.com\/independiente\/wp-json\/wp\/v2\/posts"}],"about":[{"href":"https:\/\/www.locoxelrojo.com\/independiente\/wp-json\/wp\/v2\/types\/post"}],"author":[{"embeddable":true,"href":"https:\/\/www.locoxelrojo.com\/independiente\/wp-json\/wp\/v2\/users\/20"}],"replies":[{"embeddable":true,"href":"https:\/\/www.locoxelrojo.com\/independiente\/wp-json\/wp\/v2\/comments?post=45351"}],"version-history":[{"count":0,"href":"https:\/\/www.locoxelrojo.com\/independiente\/wp-json\/wp\/v2\/posts\/45351\/revisions"}],"wp:featuredmedia":[{"embeddable":true,"href":"https:\/\/www.locoxelrojo.com\/independiente\/wp-json\/wp\/v2\/media\/45352"}],"wp:attachment":[{"href":"https:\/\/www.locoxelrojo.com\/independiente\/wp-json\/wp\/v2\/media?parent=45351"}],"wp:term":[{"taxonomy":"category","embeddable":true,"href":"https:\/\/www.locoxelrojo.com\/independiente\/wp-json\/wp\/v2\/categories?post=45351"},{"taxonomy":"post_tag","embeddable":true,"href":"https:\/\/www.locoxelrojo.com\/independiente\/wp-json\/wp\/v2\/tags?post=45351"}],"curies":[{"name":"wp","href":"https:\/\/api.w.org\/{rel}","templated":true}]}}