{"id":45458,"date":"2014-07-26T01:29:50","date_gmt":"2014-07-26T04:29:50","guid":{"rendered":"http:\/\/www.locoxelrojo.com.ar\/independiente\/?p=45458"},"modified":"2014-07-26T03:36:21","modified_gmt":"2014-07-26T06:36:21","slug":"busse-se-fue-al-manta-de-ecuador","status":"publish","type":"post","link":"https:\/\/www.locoxelrojo.com\/independiente\/2014\/07\/26\/busse-se-fue-al-manta-de-ecuador\/","title":{"rendered":"Busse se fue al Manta de Ecuador"},"content":{"rendered":"<p>Tras aquella lesi\u00f3n sufrida en el Clausura 2010 ante Chacarita, <strong>Walter Busse nunca logr\u00f3 volver al nivel que tuvo en sus primeros dos torneos en Independiente. Pas\u00f3 a pr\u00e9stamo a Hurac\u00e1n, luego a Defensa y Justicia y ahora se fue al Manta de Ecuador.<\/strong><\/p>\n<p>Busse, que volvi\u00f3 tras ascender a Primera con el Halc\u00f3n,<strong> ten\u00eda esperanzas de tener un lugar en el Rojo tras ser prestado durante dos a\u00f1os seguidos, pero no fue as\u00ed. Por eso, decidi\u00f3 pasar a pr\u00e9stamo sin cargo y sin opci\u00f3n por 6 meses al Manta de Ecuador.<\/strong><\/p>\n<p>El volante<strong> lleva 41 partidos jugados -30 de titular- en Independiente y nunca pudo marcar un gol. Particip\u00f3 de 7 torneos.<\/strong><\/p>\n","protected":false},"excerpt":{"rendered":"<p>Tras aquella lesi\u00f3n sufrida en el Clausura 2010 ante Chacarita, Walter Busse nunca logr\u00f3 volver al nivel que tuvo en sus primeros dos torneos en Independiente. Pas\u00f3 a pr\u00e9stamo a Hurac\u00e1n, luego a Defensa y Justicia y ahora se fue al Manta de Ecuador. Busse, que volvi\u00f3 tras ascender a Primera con el Halc\u00f3n, ten\u00eda [&hellip;]<\/p>\n","protected":false},"author":11,"featured_media":45459,"comment_status":"closed","ping_status":"closed","sticky":false,"template":"","format":"standard","meta":{"_links_to":"","_links_to_target":""},"categories":[3,1],"tags":[153,554,2735,28],"_links":{"self":[{"href":"https:\/\/www.locoxelrojo.com\/independiente\/wp-json\/wp\/v2\/posts\/45458"}],"collection":[{"href":"https:\/\/www.locoxelrojo.com\/independiente\/wp-json\/wp\/v2\/posts"}],"about":[{"href":"https:\/\/www.locoxelrojo.com\/independiente\/wp-json\/wp\/v2\/types\/post"}],"author":[{"embeddable":true,"href":"https:\/\/www.locoxelrojo.com\/independiente\/wp-json\/wp\/v2\/users\/11"}],"replies":[{"embeddable":true,"href":"https:\/\/www.locoxelrojo.com\/independiente\/wp-json\/wp\/v2\/comments?post=45458"}],"version-history":[{"count":0,"href":"https:\/\/www.locoxelrojo.com\/independiente\/wp-json\/wp\/v2\/posts\/45458\/revisions"}],"wp:featuredmedia":[{"embeddable":true,"href":"https:\/\/www.locoxelrojo.com\/independiente\/wp-json\/wp\/v2\/media\/45459"}],"wp:attachment":[{"href":"https:\/\/www.locoxelrojo.com\/independiente\/wp-json\/wp\/v2\/media?parent=45458"}],"wp:term":[{"taxonomy":"category","embeddable":true,"href":"https:\/\/www.locoxelrojo.com\/independiente\/wp-json\/wp\/v2\/categories?post=45458"},{"taxonomy":"post_tag","embeddable":true,"href":"https:\/\/www.locoxelrojo.com\/independiente\/wp-json\/wp\/v2\/tags?post=45458"}],"curies":[{"name":"wp","href":"https:\/\/api.w.org\/{rel}","templated":true}]}}