{"id":45604,"date":"2014-07-31T15:53:10","date_gmt":"2014-07-31T18:53:10","guid":{"rendered":"http:\/\/www.locoxelrojo.com.ar\/independiente\/?p=45604"},"modified":"2014-07-31T15:53:10","modified_gmt":"2014-07-31T18:53:10","slug":"sin-practica","status":"publish","type":"post","link":"https:\/\/www.locoxelrojo.com\/independiente\/2014\/07\/31\/sin-practica\/","title":{"rendered":"Sin pr\u00e1ctica"},"content":{"rendered":"<p><strong>Debido al duelo y la suspensi\u00f3n de actividades por el fallecimiento de Julio Humberto Grondona la pr\u00e1ctica de este jueves no se llev\u00f3 a cabo.<\/strong> Ademas, desde la Asociaci\u00f3n del F\u00fatbol Argentino, eval\u00faan reprogramar la fecha 1 del Torneo de Primera Divisi\u00f3n para el pr\u00f3ximo fin de semana y no suspenderla como se manejaba desde un principio.<\/p>\n<p><strong>El plantel de Independiente no practic\u00f3 este jueves debido al duelo y suspensi\u00f3n de actividades por la desaparici\u00f3n f\u00edsica del expresidente del Rojo y titular de la AFA, Julio Humberto Grondona.<\/strong><\/p>\n<p>La idea inicial de la AFA fue suspender la primera jornada de este fin de semana y arrancar el pr\u00f3ximo desde la fecha 2. <strong>Esa idea qued\u00f3 atr\u00e1s y si bien este fin de semana no habr\u00e1 f\u00fatbol, el campeonato se iniciar\u00e1 a partir del viernes 8 de agosto con la reprogramaci\u00f3n de la fecha 1.<\/strong><\/p>\n<p>De esta manera, <strong>el debut de Independiente en el torneo ser\u00eda el domingo 10 de agosto frente a Atl\u00e9tico Rafaela en el Estadio Libertadores de Am\u00e9rica a partir de las 15:15.<\/strong> A\u00fan resta confirmaci\u00f3n de la AFA.<\/p>\n","protected":false},"excerpt":{"rendered":"<p>Debido al duelo y la suspensi\u00f3n de actividades por el fallecimiento de Julio Humberto Grondona la pr\u00e1ctica de este jueves no se llev\u00f3 a cabo. Ademas, desde la Asociaci\u00f3n del F\u00fatbol Argentino, eval\u00faan reprogramar la fecha 1 del Torneo de Primera Divisi\u00f3n para el pr\u00f3ximo fin de semana y no suspenderla como se manejaba desde [&hellip;]<\/p>\n","protected":false},"author":1,"featured_media":45605,"comment_status":"closed","ping_status":"closed","sticky":false,"template":"","format":"standard","meta":{"_links_to":"","_links_to_target":""},"categories":[3,1],"tags":[153,26,833,172],"_links":{"self":[{"href":"https:\/\/www.locoxelrojo.com\/independiente\/wp-json\/wp\/v2\/posts\/45604"}],"collection":[{"href":"https:\/\/www.locoxelrojo.com\/independiente\/wp-json\/wp\/v2\/posts"}],"about":[{"href":"https:\/\/www.locoxelrojo.com\/independiente\/wp-json\/wp\/v2\/types\/post"}],"author":[{"embeddable":true,"href":"https:\/\/www.locoxelrojo.com\/independiente\/wp-json\/wp\/v2\/users\/1"}],"replies":[{"embeddable":true,"href":"https:\/\/www.locoxelrojo.com\/independiente\/wp-json\/wp\/v2\/comments?post=45604"}],"version-history":[{"count":0,"href":"https:\/\/www.locoxelrojo.com\/independiente\/wp-json\/wp\/v2\/posts\/45604\/revisions"}],"wp:featuredmedia":[{"embeddable":true,"href":"https:\/\/www.locoxelrojo.com\/independiente\/wp-json\/wp\/v2\/media\/45605"}],"wp:attachment":[{"href":"https:\/\/www.locoxelrojo.com\/independiente\/wp-json\/wp\/v2\/media?parent=45604"}],"wp:term":[{"taxonomy":"category","embeddable":true,"href":"https:\/\/www.locoxelrojo.com\/independiente\/wp-json\/wp\/v2\/categories?post=45604"},{"taxonomy":"post_tag","embeddable":true,"href":"https:\/\/www.locoxelrojo.com\/independiente\/wp-json\/wp\/v2\/tags?post=45604"}],"curies":[{"name":"wp","href":"https:\/\/api.w.org\/{rel}","templated":true}]}}