{"id":45777,"date":"2014-08-03T13:34:35","date_gmt":"2014-08-03T16:34:35","guid":{"rendered":"http:\/\/www.locoxelrojo.com\/independiente\/?p=45777"},"modified":"2014-08-09T16:03:10","modified_gmt":"2014-08-09T19:03:10","slug":"se-acerca-yepes","status":"publish","type":"post","link":"https:\/\/www.locoxelrojo.com\/independiente\/2014\/08\/03\/se-acerca-yepes\/","title":{"rendered":"Se acerca Yepes"},"content":{"rendered":"<p>Independiente se sigue moviendo para reforzar el plantel de cara al Torneo de Primera Divisi\u00f3n y est\u00e1 muy cerca de romper el mercado con una contrataci\u00f3n de lujo. <strong>El colombiano Mario Yepes habr\u00eda llegado a un acuerdo con los dirigentes para volver al f\u00fatbol argentino y ponerse la casaca roja<\/strong>.<\/p>\n<p>Todo parece indicar que Jorge Almir\u00f3n tendr\u00e1 al defensor de jerarqu\u00eda que tanto ped\u00eda. En una defensa compuesta por juveniles y con Cristian Tula como \u00fanico referente,<strong> la prioridad era buscar un central con experiencia y voz de mando<\/strong>.<\/p>\n<p><strong>Yepes, que disput\u00f3 el Mundial de Brasil con su selecci\u00f3n, evalu\u00f3 la oferta del Rojo y se entusiasm\u00f3 con la posibilidad de regresar a Argentina para jugar en un equipo grande<\/strong>. Si todo marcha bien, el ex River volver\u00e1 a jugar en el pa\u00eds despu\u00e9s de 12 a\u00f1os.<\/p>\n<p><strong>De concretarse el pase, el colombiano llegar\u00eda a Buenos Aires esta semana para firmar su contrato<\/strong> y sumarse a los \u00faltimos d\u00edas de entrenamiento antes del comienzo del campeonato. <strong>Estar\u00eda a pr\u00e9stamo por 12 meses<\/strong>.<\/p>\n","protected":false},"excerpt":{"rendered":"<p>Independiente se sigue moviendo para reforzar el plantel de cara al Torneo de Primera Divisi\u00f3n y est\u00e1 muy cerca de romper el mercado con una contrataci\u00f3n de lujo. El colombiano Mario Yepes habr\u00eda llegado a un acuerdo con los dirigentes para volver al f\u00fatbol argentino y ponerse la casaca roja. Todo parece indicar que Jorge [&hellip;]<\/p>\n","protected":false},"author":8,"featured_media":45779,"comment_status":"open","ping_status":"closed","sticky":false,"template":"","format":"standard","meta":{"_links_to":"","_links_to_target":""},"categories":[3,1],"tags":[153,1685,2743],"_links":{"self":[{"href":"https:\/\/www.locoxelrojo.com\/independiente\/wp-json\/wp\/v2\/posts\/45777"}],"collection":[{"href":"https:\/\/www.locoxelrojo.com\/independiente\/wp-json\/wp\/v2\/posts"}],"about":[{"href":"https:\/\/www.locoxelrojo.com\/independiente\/wp-json\/wp\/v2\/types\/post"}],"author":[{"embeddable":true,"href":"https:\/\/www.locoxelrojo.com\/independiente\/wp-json\/wp\/v2\/users\/8"}],"replies":[{"embeddable":true,"href":"https:\/\/www.locoxelrojo.com\/independiente\/wp-json\/wp\/v2\/comments?post=45777"}],"version-history":[{"count":0,"href":"https:\/\/www.locoxelrojo.com\/independiente\/wp-json\/wp\/v2\/posts\/45777\/revisions"}],"wp:featuredmedia":[{"embeddable":true,"href":"https:\/\/www.locoxelrojo.com\/independiente\/wp-json\/wp\/v2\/media\/45779"}],"wp:attachment":[{"href":"https:\/\/www.locoxelrojo.com\/independiente\/wp-json\/wp\/v2\/media?parent=45777"}],"wp:term":[{"taxonomy":"category","embeddable":true,"href":"https:\/\/www.locoxelrojo.com\/independiente\/wp-json\/wp\/v2\/categories?post=45777"},{"taxonomy":"post_tag","embeddable":true,"href":"https:\/\/www.locoxelrojo.com\/independiente\/wp-json\/wp\/v2\/tags?post=45777"}],"curies":[{"name":"wp","href":"https:\/\/api.w.org\/{rel}","templated":true}]}}