{"id":45780,"date":"2014-08-04T12:06:33","date_gmt":"2014-08-04T15:06:33","guid":{"rendered":"http:\/\/www.locoxelrojo.com\/independiente\/?p=45780"},"modified":"2014-08-09T16:03:38","modified_gmt":"2014-08-09T19:03:38","slug":"reducido-en-villa-dominico","status":"publish","type":"post","link":"https:\/\/www.locoxelrojo.com\/independiente\/2014\/08\/04\/reducido-en-villa-dominico\/","title":{"rendered":"Reducido en Villa Dom\u00ednico"},"content":{"rendered":"<p><strong>El plantel de Independiente comenz\u00f3 la \u00faltima semana de entrenamientos<\/strong> de cara al debut en el Torneo de Primera Divisi\u00f3n ante Atl\u00e9tico Rafaela.<strong> En la pr\u00e1ctica estuvo presente Germ\u00e1n Montoya<\/strong>, el cuarto refuerzo del equipo de Jorge Almir\u00f3n.<\/p>\n<p><strong>Los jugadores hicieron una primera etapa de trabajos con pelota y luego participaron de una pr\u00e1ctica de f\u00fatbol reducido, divididos en cuatro grupos<\/strong>. Los arqueros, con Montoya como cara nueva, se movieron aparte junto a Horacio Monti, su entrenador.<\/p>\n<p><strong>Quien volvi\u00f3 a entrenarse a la par de sus compa\u00f1eros fue Marcelo Vidal<\/strong>, despu\u00e9s de su lesi\u00f3n en el dedo gordo del pie derecho, mientras que <strong>Juan Manuel Trejo, Juli\u00e1n Vel\u00e1zquez y Gabriel Vall\u00e9s realizaron trabajos de kinesiolog\u00eda<\/strong>.<\/p>\n","protected":false},"excerpt":{"rendered":"<p>El plantel de Independiente comenz\u00f3 la \u00faltima semana de entrenamientos de cara al debut en el Torneo de Primera Divisi\u00f3n ante Atl\u00e9tico Rafaela. En la pr\u00e1ctica estuvo presente Germ\u00e1n Montoya, el cuarto refuerzo del equipo de Jorge Almir\u00f3n. Los jugadores hicieron una primera etapa de trabajos con pelota y luego participaron de una pr\u00e1ctica de [&hellip;]<\/p>\n","protected":false},"author":8,"featured_media":45802,"comment_status":"open","ping_status":"closed","sticky":false,"template":"","format":"standard","meta":{"_links_to":"","_links_to_target":""},"categories":[3,1],"tags":[26,2724,453,172],"_links":{"self":[{"href":"https:\/\/www.locoxelrojo.com\/independiente\/wp-json\/wp\/v2\/posts\/45780"}],"collection":[{"href":"https:\/\/www.locoxelrojo.com\/independiente\/wp-json\/wp\/v2\/posts"}],"about":[{"href":"https:\/\/www.locoxelrojo.com\/independiente\/wp-json\/wp\/v2\/types\/post"}],"author":[{"embeddable":true,"href":"https:\/\/www.locoxelrojo.com\/independiente\/wp-json\/wp\/v2\/users\/8"}],"replies":[{"embeddable":true,"href":"https:\/\/www.locoxelrojo.com\/independiente\/wp-json\/wp\/v2\/comments?post=45780"}],"version-history":[{"count":0,"href":"https:\/\/www.locoxelrojo.com\/independiente\/wp-json\/wp\/v2\/posts\/45780\/revisions"}],"wp:featuredmedia":[{"embeddable":true,"href":"https:\/\/www.locoxelrojo.com\/independiente\/wp-json\/wp\/v2\/media\/45802"}],"wp:attachment":[{"href":"https:\/\/www.locoxelrojo.com\/independiente\/wp-json\/wp\/v2\/media?parent=45780"}],"wp:term":[{"taxonomy":"category","embeddable":true,"href":"https:\/\/www.locoxelrojo.com\/independiente\/wp-json\/wp\/v2\/categories?post=45780"},{"taxonomy":"post_tag","embeddable":true,"href":"https:\/\/www.locoxelrojo.com\/independiente\/wp-json\/wp\/v2\/tags?post=45780"}],"curies":[{"name":"wp","href":"https:\/\/api.w.org\/{rel}","templated":true}]}}