{"id":45819,"date":"2014-08-05T20:59:47","date_gmt":"2014-08-05T23:59:47","guid":{"rendered":"http:\/\/www.locoxelrojo.com\/independiente\/?p=45819"},"modified":"2014-08-09T16:06:20","modified_gmt":"2014-08-09T19:06:20","slug":"yepes-hable-con-mi-familia-y-se-decidio-que-no-era-el-momento","status":"publish","type":"post","link":"https:\/\/www.locoxelrojo.com\/independiente\/2014\/08\/05\/yepes-hable-con-mi-familia-y-se-decidio-que-no-era-el-momento\/","title":{"rendered":"Yepes: \u201cHabl\u00e9 con mi familia y se decidi\u00f3 que no era el momento\u201d"},"content":{"rendered":"<p>Despu\u00e9s de haber sido sondeado por la dirigencia para reforzar al equipo, Mario Yepes dio por finalizada la novela y confirm\u00f3 que no volver\u00e1 al f\u00fatbol argentino en este mercado de pases. <strong>\u201cLe agradezco a la familia Moyano por el ofrecimiento, a la gente y al t\u00e9cnico por la idea y la intenci\u00f3n de tenerme en Independiente, pero hablando con mi familia se tom\u00f3 la decisi\u00f3n de que no era el momento oportuno\u201d<\/strong>, sentenci\u00f3 el defensor colombiano.<\/p>\n<p>En di\u00e1logo con Am\u00e9rica and Closs, Yepes explic\u00f3 que su determinaci\u00f3n de no jugar en el Rojo no tuvo que ver con el club ni con el pa\u00eds: <strong>\u201cNo pasa por algo de ellos, que han hecho el esfuerzo de que llegara al equipo, pasa por una decisi\u00f3n propia. Tengo un recuerdo magn\u00edfico de Argentina, no tiene nada que ver el pa\u00eds, es m\u00e1s por un tema de log\u00edstica del colegio de mis hijos\u201d<\/strong>. En la misma l\u00ednea, aclar\u00f3 que nunca se comprometi\u00f3 para vestir los colores de Independiente: <strong>\u201cHab\u00eda dado mi palabra de que iba a evaluar el ofrecimiento, hablarlo con mi familia y dar una respuesta, y eso fue lo que hice\u201d<\/strong>.<\/p>\n<p><strong>\u201cMe ilusionaban las ganas que ten\u00edan ellos y el hecho volver a un f\u00fatbol donde uno dej\u00f3 muy buenos recuerdos y donde uno tiene las puertas abiertas\u201d<\/strong>, manifest\u00f3 Yepes en referencia a las cosas que lo llevaron a estudiar la oferta del Rojo. Adem\u00e1s, ante la consulta de un posible regreso a su ex club, afirm\u00f3 que s\u00f3lo recibi\u00f3 llamados de Avellaneda: <strong>\u201cDe River no me hab\u00edan hablado, estoy muy pendiente de ellos por la relaci\u00f3n con Marcelo (Gallardo), pero el \u00fanico que me habl\u00f3 para llegar fue Independiente\u201d<\/strong>.<\/p>\n","protected":false},"excerpt":{"rendered":"<p>Despu\u00e9s de haber sido sondeado por la dirigencia para reforzar al equipo, Mario Yepes dio por finalizada la novela y confirm\u00f3 que no volver\u00e1 al f\u00fatbol argentino en este mercado de pases. \u201cLe agradezco a la familia Moyano por el ofrecimiento, a la gente y al t\u00e9cnico por la idea y la intenci\u00f3n de tenerme [&hellip;]<\/p>\n","protected":false},"author":8,"featured_media":45826,"comment_status":"open","ping_status":"closed","sticky":false,"template":"","format":"standard","meta":{"_links_to":"","_links_to_target":""},"categories":[3,1],"tags":[153,1685,2743],"_links":{"self":[{"href":"https:\/\/www.locoxelrojo.com\/independiente\/wp-json\/wp\/v2\/posts\/45819"}],"collection":[{"href":"https:\/\/www.locoxelrojo.com\/independiente\/wp-json\/wp\/v2\/posts"}],"about":[{"href":"https:\/\/www.locoxelrojo.com\/independiente\/wp-json\/wp\/v2\/types\/post"}],"author":[{"embeddable":true,"href":"https:\/\/www.locoxelrojo.com\/independiente\/wp-json\/wp\/v2\/users\/8"}],"replies":[{"embeddable":true,"href":"https:\/\/www.locoxelrojo.com\/independiente\/wp-json\/wp\/v2\/comments?post=45819"}],"version-history":[{"count":0,"href":"https:\/\/www.locoxelrojo.com\/independiente\/wp-json\/wp\/v2\/posts\/45819\/revisions"}],"wp:featuredmedia":[{"embeddable":true,"href":"https:\/\/www.locoxelrojo.com\/independiente\/wp-json\/wp\/v2\/media\/45826"}],"wp:attachment":[{"href":"https:\/\/www.locoxelrojo.com\/independiente\/wp-json\/wp\/v2\/media?parent=45819"}],"wp:term":[{"taxonomy":"category","embeddable":true,"href":"https:\/\/www.locoxelrojo.com\/independiente\/wp-json\/wp\/v2\/categories?post=45819"},{"taxonomy":"post_tag","embeddable":true,"href":"https:\/\/www.locoxelrojo.com\/independiente\/wp-json\/wp\/v2\/tags?post=45819"}],"curies":[{"name":"wp","href":"https:\/\/api.w.org\/{rel}","templated":true}]}}