{"id":4678,"date":"2011-02-07T21:10:52","date_gmt":"2011-02-08T00:10:52","guid":{"rendered":"http:\/\/www.locoxelrojo.com.ar\/independiente\/?p=4678"},"modified":"2015-09-09T17:30:04","modified_gmt":"2015-09-09T20:30:04","slug":"nunez-estoy-para-jugar","status":"publish","type":"post","link":"https:\/\/www.locoxelrojo.com\/independiente\/2011\/02\/07\/nunez-estoy-para-jugar\/","title":{"rendered":"L. N\u00fa\u00f1ez: &#8220;Estoy para jugar&#8221;"},"content":{"rendered":"<p><a href=\"http:\/\/www.locoxelrojo.com.ar\/independiente\/wp-content\/uploads\/2011\/02\/Nu\u00f1ez_leonel.jpg\"><img loading=\"lazy\" class=\"alignnone size-full wp-image-4684\" title=\"Nu\u00f1ez_leonel\" src=\"http:\/\/www.locoxelrojo.com.ar\/independiente\/wp-content\/uploads\/2011\/02\/Nu\u00f1ez_leonel.jpg\" alt=\"\" width=\"550\" height=\"315\" srcset=\"https:\/\/locoxelrojo.com\/independiente\/wp-content\/uploads\/2011\/02\/Nu\u00f1ez_leonel.jpg 550w, https:\/\/locoxelrojo.com\/independiente\/wp-content\/uploads\/2011\/02\/Nu\u00f1ez_leonel-300x171.jpg 300w\" sizes=\"(max-width: 550px) 100vw, 550px\" \/><\/a><\/p>\n<p>Leonel Nu\u00f1ez dialog\u00f3 con Alejandro Parmo tras su primera pr\u00e1ctica en Independiente. El delantero manifest\u00f3: <strong>&#8220;estoy contento y voy a meterle para adelante para ganarme un puesto. El objetivo es pelear todo, hay que ganar todas las copas&#8221;.<\/strong><\/p>\n<p>Cuando le preguntaron acerca de las sensaciones tras llegar al club, el gordo explic\u00f3: <strong>&#8220;Me siento importante al igual que todos mis compa\u00f1eros, estamos para sumar. Hay que ponerse bien para dar el 100%&#8221;<\/strong><\/p>\n<p>El delantero cont\u00f3 que vio todo como cuando se fue. <strong>&#8220;Me encontr\u00e9 con el m\u00edsmo vestuario: alegre, divertido, de buen humor y mat\u00e1ndose en cada entrenamiento&#8221;<\/strong>. Adem\u00e1s, dese\u00f3: <strong>&#8220;Ojal\u00e1 que Mohamed me pueda ubicar en la posici\u00f3n que me sienta c\u00f3modo y pueda demostrar todo lo que s\u00e9. Con tal de jugar que me pongan de volante, ojo; siempre y cuando sea por le bien del equipo.&#8221;<\/strong><\/p>\n<p>Para cerrar, Nu\u00f1ez replic\u00f3 que ya est\u00e1 para jugar. Incluso, el viernes con V\u00e9lez.<strong> &#8220;Yo ya estoy para jugar, me siento c\u00f3modo&#8221;<\/strong>, concluy\u00f3.<\/p>\n","protected":false},"excerpt":{"rendered":"<p>Leonel Nu\u00f1ez dialog\u00f3 con Alejandro Parmo tras su primera pr\u00e1ctica en Independiente. El delantero manifest\u00f3: &#8220;estoy contento y voy a meterle para adelante para ganarme un puesto. El objetivo es pelear todo, hay que ganar todas las copas&#8221;. Cuando le preguntaron acerca de las sensaciones tras llegar al club, el gordo explic\u00f3: &#8220;Me siento importante [&hellip;]<\/p>\n","protected":false},"author":1,"featured_media":0,"comment_status":"open","ping_status":"open","sticky":false,"template":"","format":"standard","meta":{"_links_to":"","_links_to_target":""},"categories":[3,1],"tags":[153,87],"_links":{"self":[{"href":"https:\/\/www.locoxelrojo.com\/independiente\/wp-json\/wp\/v2\/posts\/4678"}],"collection":[{"href":"https:\/\/www.locoxelrojo.com\/independiente\/wp-json\/wp\/v2\/posts"}],"about":[{"href":"https:\/\/www.locoxelrojo.com\/independiente\/wp-json\/wp\/v2\/types\/post"}],"author":[{"embeddable":true,"href":"https:\/\/www.locoxelrojo.com\/independiente\/wp-json\/wp\/v2\/users\/1"}],"replies":[{"embeddable":true,"href":"https:\/\/www.locoxelrojo.com\/independiente\/wp-json\/wp\/v2\/comments?post=4678"}],"version-history":[{"count":0,"href":"https:\/\/www.locoxelrojo.com\/independiente\/wp-json\/wp\/v2\/posts\/4678\/revisions"}],"wp:attachment":[{"href":"https:\/\/www.locoxelrojo.com\/independiente\/wp-json\/wp\/v2\/media?parent=4678"}],"wp:term":[{"taxonomy":"category","embeddable":true,"href":"https:\/\/www.locoxelrojo.com\/independiente\/wp-json\/wp\/v2\/categories?post=4678"},{"taxonomy":"post_tag","embeddable":true,"href":"https:\/\/www.locoxelrojo.com\/independiente\/wp-json\/wp\/v2\/tags?post=4678"}],"curies":[{"name":"wp","href":"https:\/\/api.w.org\/{rel}","templated":true}]}}