{"id":47001,"date":"2014-09-10T17:30:53","date_gmt":"2014-09-10T20:30:53","guid":{"rendered":"http:\/\/www.locoxelrojo.com\/independiente\/?p=47001"},"modified":"2014-09-10T20:27:06","modified_gmt":"2014-09-10T23:27:06","slug":"nakis-llegamos-a-un-acuerdo-por-mancuello-y-rodriguez","status":"publish","type":"post","link":"https:\/\/www.locoxelrojo.com\/independiente\/2014\/09\/10\/nakis-llegamos-a-un-acuerdo-por-mancuello-y-rodriguez\/","title":{"rendered":"Nakis: \u201cLlegamos a un acuerdo por Mancuello y Rodr\u00edguez\u201d"},"content":{"rendered":"<p><strong>Noray Nakis, vicepresidente primero de Independiente, confirm\u00f3 que el club lleg\u00f3 a un acuerdo para renovar los contratos de Federico Mancuello y Diego Rodr\u00edguez<\/strong>, dos jugadores fundamentales en el equipo de Jorge Almir\u00f3n. Adem\u00e1s, habl\u00f3 sobre el conflicto con los representantes de Juli\u00e1n Vel\u00e1zquez y a las reacciones de la dirigencia de Racing tras la derrota en el Cl\u00e1sico de Avellaneda.<\/p>\n<p><strong>\u201cEl representante de Mancuello est\u00e1 en Europa, pero este martes llegamos a un acuerdo para firmar un nuevo contrato la pr\u00f3xima semana. Con la empresa que representa a Rodr\u00edguez hemos logrado el mismo compromiso. S\u00f3lo resta sentarnos y firmar\u201d<\/strong>, expres\u00f3 Nakis en di\u00e1logo con Infierno Rojo Radio. En la misma l\u00ednea, se refiri\u00f3 a la situaci\u00f3n de Francisco Pizzini: <strong>\u201cSu contrato vence en 2015 y tambi\u00e9n queremos reunirnos, porque nuestra intenci\u00f3n es que se quede\u201d<\/strong>.<\/p>\n<p><strong>\u201cLos jugadores tienen mucha buena voluntad para seguir en el club. Cada vez que los veo, noto que tienen un sentido de pertenencia. Los grandes \u00eddolos de los clubes no se hacen s\u00f3lo por su trascendencia deportiva, sino tambi\u00e9n por lo que son como personas\u201d<\/strong>, agreg\u00f3 el vicepresidente, y confes\u00f3 que <strong>\u201cal dirigente se le hace mucho m\u00e1s f\u00e1cil cu\u00e1ndo jugadores como Mancuello, Rodr\u00edguez y Pizzini te demuestran que quieren al club y no quieren abandonar el barco\u201d<\/strong>.<\/p>\n<p>Por otro lado, Noray dio su punto de vista sobre\u00a0el problema\u00a0por la continuidad de Vel\u00e1zquez y se uni\u00f3 a los reproches del secretario H\u00e9ctor Maldonado hacia Ricardo Giusti y Daniel Luzzi, los agentes del jugador. <strong>\u201cAlgunos representantes se creen que son m\u00e1s que los dirigentes o los mismos clubes. Cuando vienen a pedir comisiones para las renovaciones de contrato, a m\u00ed me jode bastante, sea quien sea. No puede ser que vengan a pedir 2 millones de pesos de comisi\u00f3n para renovar el contrato de un jugador propio. Hay jugadores mal influenciados, sus representantes les llenan la cabeza y eso no corresponde\u201d<\/strong>, dispar\u00f3.<\/p>\n<p>Finalmente, el dirigente del Rojo opin\u00f3 sobre las actitudes de los dirigentes de Racing despu\u00e9s de perder el Cl\u00e1sico de Avellaneda: <strong>\u201cHabl\u00e9 con (V\u00edctor) Blanco, su presidente, y de \u00e9l tengo la mejor impresi\u00f3n y el mayor de los respetos, pero hay otros dirigentes que quieren ensuciar la cancha. No me gust\u00f3 lo que hicieron, eso de revolear las sillas en el palco, o andar quej\u00e1ndose del \u00e1rbitro. A m\u00ed tampoco me gust\u00f3 el arbitraje, pero una vez que termin\u00f3 el partido, ya est\u00e1\u201d<\/strong>. En tanto, consider\u00f3 que <strong>\u201calgunos dirigentes de Racing est\u00e1n jugando a la politiquer\u00eda\u201d<\/strong>, y cerr\u00f3: <strong>\u201cQue sigan as\u00ed, que van a estar donde se merecen estar\u201d<\/strong>.<\/p>\n","protected":false},"excerpt":{"rendered":"<p>Noray Nakis, vicepresidente primero de Independiente, confirm\u00f3 que el club lleg\u00f3 a un acuerdo para renovar los contratos de Federico Mancuello y Diego Rodr\u00edguez, dos jugadores fundamentales en el equipo de Jorge Almir\u00f3n. Adem\u00e1s, habl\u00f3 sobre el conflicto con los representantes de Juli\u00e1n Vel\u00e1zquez y a las reacciones de la dirigencia de Racing tras la [&hellip;]<\/p>\n","protected":false},"author":8,"featured_media":47002,"comment_status":"open","ping_status":"closed","sticky":false,"template":"","format":"standard","meta":{"_links_to":"","_links_to_target":""},"categories":[3,1],"tags":[181,48,32,50,1994],"_links":{"self":[{"href":"https:\/\/www.locoxelrojo.com\/independiente\/wp-json\/wp\/v2\/posts\/47001"}],"collection":[{"href":"https:\/\/www.locoxelrojo.com\/independiente\/wp-json\/wp\/v2\/posts"}],"about":[{"href":"https:\/\/www.locoxelrojo.com\/independiente\/wp-json\/wp\/v2\/types\/post"}],"author":[{"embeddable":true,"href":"https:\/\/www.locoxelrojo.com\/independiente\/wp-json\/wp\/v2\/users\/8"}],"replies":[{"embeddable":true,"href":"https:\/\/www.locoxelrojo.com\/independiente\/wp-json\/wp\/v2\/comments?post=47001"}],"version-history":[{"count":0,"href":"https:\/\/www.locoxelrojo.com\/independiente\/wp-json\/wp\/v2\/posts\/47001\/revisions"}],"wp:featuredmedia":[{"embeddable":true,"href":"https:\/\/www.locoxelrojo.com\/independiente\/wp-json\/wp\/v2\/media\/47002"}],"wp:attachment":[{"href":"https:\/\/www.locoxelrojo.com\/independiente\/wp-json\/wp\/v2\/media?parent=47001"}],"wp:term":[{"taxonomy":"category","embeddable":true,"href":"https:\/\/www.locoxelrojo.com\/independiente\/wp-json\/wp\/v2\/categories?post=47001"},{"taxonomy":"post_tag","embeddable":true,"href":"https:\/\/www.locoxelrojo.com\/independiente\/wp-json\/wp\/v2\/tags?post=47001"}],"curies":[{"name":"wp","href":"https:\/\/api.w.org\/{rel}","templated":true}]}}