{"id":47021,"date":"2014-09-11T21:12:07","date_gmt":"2014-09-12T00:12:07","guid":{"rendered":"http:\/\/www.locoxelrojo.com\/independiente\/?p=47021"},"modified":"2014-09-11T21:12:07","modified_gmt":"2014-09-12T00:12:07","slug":"seis-jugadores-bajaron-a-la-reserva-de-milito","status":"publish","type":"post","link":"https:\/\/www.locoxelrojo.com\/independiente\/2014\/09\/11\/seis-jugadores-bajaron-a-la-reserva-de-milito\/","title":{"rendered":"Seis jugadores bajaron a la Reserva de Milito"},"content":{"rendered":"<p>Jorge Almir\u00f3n y Gabriel Milito\u00a0tuvieron una charla a causa del plantel amplio que entrena en la Primera de Independiente y <strong>decidieron bajar a seis jugadores a la Reserva. El equipo del Mariscal enfrentar\u00e1 a Quilmes el pr\u00f3ximo s\u00e1bado a las 17:30 en el Libertadores de Am\u00e9rica.<\/strong><\/p>\n<p>El entrenador, al llegar al Rojo tras su salida de Godoy Cruz, hab\u00eda anticipado que pretend\u00eda armar un plantel corto para facilitar el trabajo del grupo. <strong>Sin embargo, con el correr de los d\u00edas, el n\u00famero no se redujo y decidi\u00f3 dialogar con Milito. Tras esa reuni\u00f3n, decidieron bajar a Facundo Daffonchio, Mart\u00edn Ben\u00edtez, Fabi\u00e1n Monserrat, Leonel Miranda, Rodrigo Moreira y Christian Ortiz a la Reserva para que sumen minutos.<\/strong><\/p>\n","protected":false},"excerpt":{"rendered":"<p>Jorge Almir\u00f3n y Gabriel Milito\u00a0tuvieron una charla a causa del plantel amplio que entrena en la Primera de Independiente y decidieron bajar a seis jugadores a la Reserva. El equipo del Mariscal enfrentar\u00e1 a Quilmes el pr\u00f3ximo s\u00e1bado a las 17:30 en el Libertadores de Am\u00e9rica. El entrenador, al llegar al Rojo tras su salida [&hellip;]<\/p>\n","protected":false},"author":11,"featured_media":47023,"comment_status":"open","ping_status":"closed","sticky":false,"template":"","format":"standard","meta":{"_links_to":"","_links_to_target":""},"categories":[1,141],"tags":[2356,153,984,843,42,1347,258,3270,1733],"_links":{"self":[{"href":"https:\/\/www.locoxelrojo.com\/independiente\/wp-json\/wp\/v2\/posts\/47021"}],"collection":[{"href":"https:\/\/www.locoxelrojo.com\/independiente\/wp-json\/wp\/v2\/posts"}],"about":[{"href":"https:\/\/www.locoxelrojo.com\/independiente\/wp-json\/wp\/v2\/types\/post"}],"author":[{"embeddable":true,"href":"https:\/\/www.locoxelrojo.com\/independiente\/wp-json\/wp\/v2\/users\/11"}],"replies":[{"embeddable":true,"href":"https:\/\/www.locoxelrojo.com\/independiente\/wp-json\/wp\/v2\/comments?post=47021"}],"version-history":[{"count":0,"href":"https:\/\/www.locoxelrojo.com\/independiente\/wp-json\/wp\/v2\/posts\/47021\/revisions"}],"wp:featuredmedia":[{"embeddable":true,"href":"https:\/\/www.locoxelrojo.com\/independiente\/wp-json\/wp\/v2\/media\/47023"}],"wp:attachment":[{"href":"https:\/\/www.locoxelrojo.com\/independiente\/wp-json\/wp\/v2\/media?parent=47021"}],"wp:term":[{"taxonomy":"category","embeddable":true,"href":"https:\/\/www.locoxelrojo.com\/independiente\/wp-json\/wp\/v2\/categories?post=47021"},{"taxonomy":"post_tag","embeddable":true,"href":"https:\/\/www.locoxelrojo.com\/independiente\/wp-json\/wp\/v2\/tags?post=47021"}],"curies":[{"name":"wp","href":"https:\/\/api.w.org\/{rel}","templated":true}]}}