{"id":47244,"date":"2014-09-18T22:33:03","date_gmt":"2014-09-19T01:33:03","guid":{"rendered":"http:\/\/www.locoxelrojo.com\/independiente\/?p=47244"},"modified":"2014-09-18T23:11:40","modified_gmt":"2014-09-19T02:11:40","slug":"federico-dominguez-en-los-momentos-clave-montenegro-aparece","status":"publish","type":"post","link":"https:\/\/www.locoxelrojo.com\/independiente\/2014\/09\/18\/federico-dominguez-en-los-momentos-clave-montenegro-aparece\/","title":{"rendered":"Federico Dom\u00ednguez: &#8220;En los momentos claves, Montenegro aparece&#8221;"},"content":{"rendered":"<p>Federico Dom\u00ednguez<strong> habl\u00f3 del cl\u00e1sico que se viene entre Independiente y River, elogi\u00f3 la evoluci\u00f3n como jugador a Daniel Montenegro y hasta anunci\u00f3 que le gustar\u00eda dirigir al Rojo en un futuro.<\/strong><\/p>\n<p><strong>&#8220;Va a ser un cl\u00e1sico muy lindo de ver. Me ha tocado jugarlo y es un privilegio. Creo que ninguno de los dos va a renunciar a lo que est\u00e1n haciendo. Va a haber un duelo personal y t\u00e1ctico. Imagino un partido largo, no creo que se defina en los primeros minutos&#8221;<\/strong>, manifest\u00f3 el ex lateral izquierdo del Rojo en di\u00e1logo con De La Cuna Al Infierno.<\/p>\n<p>Luego, al ser consultado por el rendimiento de Montenegro, opin\u00f3: <strong>&#8220;Lo veo como\u00a0un jugador m\u00e1s completo, con m\u00e1s panorama y visi\u00f3n de juego. No tiene la explosi\u00f3n que ten\u00eda a los 20 a\u00f1os y lo sabe. Se adapt\u00f3 a sus nuevas caracter\u00edsticas y eso habla de la inteligencia del Rolfi. En los momentos claves, aparece. Es un gran jugador&#8221;.<\/strong><\/p>\n<p>Adem\u00e1s, elogi\u00f3 a otro de sus ex compa\u00f1eros, Federico Ins\u00faa: <strong>&#8220;Habl\u00e9 con el Pocho, imagino que est\u00e1 caliente porque a ning\u00fan jugador le gusta estar afuera. Pero es muy inteligente y sabe que a su edad tiene que buscar un equilibrio emocional. La t\u00e9cnica la tiene y si lo necesitan va a aparecer. No es conflictivo, no te da vuelta un vestuario, es lo m\u00e1s noble que hay&#8221;.<\/strong><\/p>\n<p>Por \u00faltimo, expres\u00f3 su deseo de ser el entrenador de Independiente alg\u00fan d\u00eda en el futuro. <strong>&#8220;En alg\u00fan momento voy a dirigirlo, me gustar\u00eda. Quiero tener recorrido y experiencia para llegar a eso&#8221;<\/strong>, cerr\u00f3.<\/p>\n","protected":false},"excerpt":{"rendered":"<p>Federico Dom\u00ednguez habl\u00f3 del cl\u00e1sico que se viene entre Independiente y River, elogi\u00f3 la evoluci\u00f3n como jugador a Daniel Montenegro y hasta anunci\u00f3 que le gustar\u00eda dirigir al Rojo en un futuro. &#8220;Va a ser un cl\u00e1sico muy lindo de ver. Me ha tocado jugarlo y es un privilegio. Creo que ninguno de los dos [&hellip;]<\/p>\n","protected":false},"author":11,"featured_media":47249,"comment_status":"open","ping_status":"closed","sticky":false,"template":"","format":"standard","meta":{"_links_to":"","_links_to_target":""},"categories":[3,1],"tags":[2784],"_links":{"self":[{"href":"https:\/\/www.locoxelrojo.com\/independiente\/wp-json\/wp\/v2\/posts\/47244"}],"collection":[{"href":"https:\/\/www.locoxelrojo.com\/independiente\/wp-json\/wp\/v2\/posts"}],"about":[{"href":"https:\/\/www.locoxelrojo.com\/independiente\/wp-json\/wp\/v2\/types\/post"}],"author":[{"embeddable":true,"href":"https:\/\/www.locoxelrojo.com\/independiente\/wp-json\/wp\/v2\/users\/11"}],"replies":[{"embeddable":true,"href":"https:\/\/www.locoxelrojo.com\/independiente\/wp-json\/wp\/v2\/comments?post=47244"}],"version-history":[{"count":0,"href":"https:\/\/www.locoxelrojo.com\/independiente\/wp-json\/wp\/v2\/posts\/47244\/revisions"}],"wp:featuredmedia":[{"embeddable":true,"href":"https:\/\/www.locoxelrojo.com\/independiente\/wp-json\/wp\/v2\/media\/47249"}],"wp:attachment":[{"href":"https:\/\/www.locoxelrojo.com\/independiente\/wp-json\/wp\/v2\/media?parent=47244"}],"wp:term":[{"taxonomy":"category","embeddable":true,"href":"https:\/\/www.locoxelrojo.com\/independiente\/wp-json\/wp\/v2\/categories?post=47244"},{"taxonomy":"post_tag","embeddable":true,"href":"https:\/\/www.locoxelrojo.com\/independiente\/wp-json\/wp\/v2\/tags?post=47244"}],"curies":[{"name":"wp","href":"https:\/\/api.w.org\/{rel}","templated":true}]}}