{"id":47251,"date":"2014-09-18T22:55:30","date_gmt":"2014-09-19T01:55:30","guid":{"rendered":"http:\/\/www.locoxelrojo.com\/independiente\/?p=47251"},"modified":"2014-09-18T22:55:30","modified_gmt":"2014-09-19T01:55:30","slug":"se-acerca-la-renovacion-de-pizzini","status":"publish","type":"post","link":"https:\/\/www.locoxelrojo.com\/independiente\/2014\/09\/18\/se-acerca-la-renovacion-de-pizzini\/","title":{"rendered":"Se acerca la renovaci\u00f3n de Pizzini"},"content":{"rendered":"<p>Gustavo Papucci, representante de Francisco Pizzini, <strong>manifest\u00f3 que no cree que haya problemas para la renovaci\u00f3n del contrato de Francisco Pizzini con Independiente. Adem\u00e1s, elogi\u00f3 a la nueva dirigencia y anticip\u00f3 que en los primeros d\u00edas de octubre habr\u00e1 una nueva reuni\u00f3n para finalizar la negociaci\u00f3n.<\/strong><\/p>\n<p><strong>&#8220;Creo que no va a haber ning\u00fan problema con la renovaci\u00f3n de Francisco. Tiene un sentido de pertenencia muy grande y es fan\u00e1tico n\u00famero uno de Independiente. Vamos a hacer lo imposible para que siga.\u00a0El 70% del pase es de Independiente. Es un jugador seductor y algunos clubes de Europa lo est\u00e1n siguiendo de cerca&#8221;<\/strong>, expres\u00f3 en declaraciones a De La Cuna Al Infierno.<\/p>\n<p>Al ser consultado por la impresi\u00f3n respecto de la nueva dirigencia, Papucci resalt\u00f3: <strong>&#8220;Me llev\u00e9 una grata impresi\u00f3n de Pablo Moyano en la reuni\u00f3n que tuvimos. Est\u00e1n haciendo lo imposible por llevar a Independiente a lo m\u00e1s alto. En estos primeros d\u00edas de octubre nos vamos a volver a juntar para seguir negociando&#8221;.<\/strong><\/p>\n<p>En tanto, hizo un repaso de la llegada de Pizzini al club y entendi\u00f3 que <strong>&#8220;tuvo la desgracia de estar en la peor etapa deportiva de la historia del club&#8221;.<\/strong> Adem\u00e1s, agreg\u00f3: <strong>&#8220;Ponerse la camiseta no era f\u00e1cil y tampoco lo era tener continuidad. Vivi\u00f3 situaciones complicadas, pero nunca baj\u00f3 los brazos&#8221;.<\/strong><\/p>\n<p>Por \u00faltimo, cont\u00f3 la opini\u00f3n que tiene el delantero sobre Jorge Almir\u00f3n. <strong>&#8220;\u00c9l dice que admira mucho al entrenador\u00a0porque aprende d\u00eda a d\u00eda. Creo que si le dan continuidad de titular, va a demostrar todo su potencial&#8221;<\/strong>, concluy\u00f3.<\/p>\n","protected":false},"excerpt":{"rendered":"<p>Gustavo Papucci, representante de Francisco Pizzini, manifest\u00f3 que no cree que haya problemas para la renovaci\u00f3n del contrato de Francisco Pizzini con Independiente. Adem\u00e1s, elogi\u00f3 a la nueva dirigencia y anticip\u00f3 que en los primeros d\u00edas de octubre habr\u00e1 una nueva reuni\u00f3n para finalizar la negociaci\u00f3n. &#8220;Creo que no va a haber ning\u00fan problema con [&hellip;]<\/p>\n","protected":false},"author":11,"featured_media":47255,"comment_status":"open","ping_status":"closed","sticky":false,"template":"","format":"standard","meta":{"_links_to":"","_links_to_target":""},"categories":[3,1],"tags":[834,2785],"_links":{"self":[{"href":"https:\/\/www.locoxelrojo.com\/independiente\/wp-json\/wp\/v2\/posts\/47251"}],"collection":[{"href":"https:\/\/www.locoxelrojo.com\/independiente\/wp-json\/wp\/v2\/posts"}],"about":[{"href":"https:\/\/www.locoxelrojo.com\/independiente\/wp-json\/wp\/v2\/types\/post"}],"author":[{"embeddable":true,"href":"https:\/\/www.locoxelrojo.com\/independiente\/wp-json\/wp\/v2\/users\/11"}],"replies":[{"embeddable":true,"href":"https:\/\/www.locoxelrojo.com\/independiente\/wp-json\/wp\/v2\/comments?post=47251"}],"version-history":[{"count":0,"href":"https:\/\/www.locoxelrojo.com\/independiente\/wp-json\/wp\/v2\/posts\/47251\/revisions"}],"wp:featuredmedia":[{"embeddable":true,"href":"https:\/\/www.locoxelrojo.com\/independiente\/wp-json\/wp\/v2\/media\/47255"}],"wp:attachment":[{"href":"https:\/\/www.locoxelrojo.com\/independiente\/wp-json\/wp\/v2\/media?parent=47251"}],"wp:term":[{"taxonomy":"category","embeddable":true,"href":"https:\/\/www.locoxelrojo.com\/independiente\/wp-json\/wp\/v2\/categories?post=47251"},{"taxonomy":"post_tag","embeddable":true,"href":"https:\/\/www.locoxelrojo.com\/independiente\/wp-json\/wp\/v2\/tags?post=47251"}],"curies":[{"name":"wp","href":"https:\/\/api.w.org\/{rel}","templated":true}]}}