{"id":47258,"date":"2014-09-19T13:56:08","date_gmt":"2014-09-19T16:56:08","guid":{"rendered":"http:\/\/www.locoxelrojo.com\/independiente\/?p=47258"},"modified":"2014-09-19T13:58:39","modified_gmt":"2014-09-19T16:58:39","slug":"almiron-probo-otro-equipo","status":"publish","type":"post","link":"https:\/\/www.locoxelrojo.com\/independiente\/2014\/09\/19\/almiron-probo-otro-equipo\/","title":{"rendered":"Almir\u00f3n prob\u00f3 otro equipo"},"content":{"rendered":"<p>El plantel de Independiente se entren\u00f3 esta ma\u00f1ana en Villa Dom\u00ednico de cara al cl\u00e1sico frente a River del pr\u00f3ximo domingo a las 21:30 por la 8\u00b0 fecha del Torneo de Primera Divisi\u00f3n. <strong>Jorge Almir\u00f3n par\u00f3 un equipo distinto al de la pr\u00e1ctica de ayer, pero los 11 titulares que saldr\u00e1n a la cancha a\u00fan son una inc\u00f3gnita.<\/strong><\/p>\n<p>Faltan s\u00f3lo dos d\u00edas para el encuentro clave ante el Millonario y el entrenador prob\u00f3 un nuevo equipo esta ma\u00f1ana en el predio Santo Domingo. <strong>Respecto de los que jugaron en la pr\u00e1ctica de ayer, Francisco Pizzini no fue titular\u00a0e ingres\u00f3 Sergio Ojeda. As\u00ed, N\u00e9stor Breitenbruch pas\u00f3 al lugar de lateral-volante por derecha.<\/strong><\/p>\n<p>De esta forma, los 11 que par\u00f3 Almir\u00f3n esta ma\u00f1ana fueron: <strong>Diego Rodr\u00edguez; Sergio Ojeda, Cristian Tula, V\u00edctor Cuesta; N\u00e9stor Breitenbruch, Franco Bellocq, Federico Mancuello, Lucas Villalba; Daniel Montenegro; Mat\u00edas Pisano y Claudio Ria\u00f1o.<\/strong><\/p>\n<p>Ma\u00f1ana ser\u00e1 la \u00faltima pr\u00e1ctica del plantel de cara\u00a0al partido en el Monumental y<strong> el t\u00e9cnico trabajar\u00e1 la pelota parada y definir\u00e1 al equipo titular.<\/strong><\/p>\n","protected":false},"excerpt":{"rendered":"<p>El plantel de Independiente se entren\u00f3 esta ma\u00f1ana en Villa Dom\u00ednico de cara al cl\u00e1sico frente a River del pr\u00f3ximo domingo a las 21:30 por la 8\u00b0 fecha del Torneo de Primera Divisi\u00f3n. Jorge Almir\u00f3n par\u00f3 un equipo distinto al de la pr\u00e1ctica de ayer, pero los 11 titulares que saldr\u00e1n a la cancha a\u00fan [&hellip;]<\/p>\n","protected":false},"author":11,"featured_media":47259,"comment_status":"open","ping_status":"closed","sticky":false,"template":"","format":"standard","meta":{"_links_to":"","_links_to_target":""},"categories":[3,1],"tags":[26,2724,997,172],"_links":{"self":[{"href":"https:\/\/www.locoxelrojo.com\/independiente\/wp-json\/wp\/v2\/posts\/47258"}],"collection":[{"href":"https:\/\/www.locoxelrojo.com\/independiente\/wp-json\/wp\/v2\/posts"}],"about":[{"href":"https:\/\/www.locoxelrojo.com\/independiente\/wp-json\/wp\/v2\/types\/post"}],"author":[{"embeddable":true,"href":"https:\/\/www.locoxelrojo.com\/independiente\/wp-json\/wp\/v2\/users\/11"}],"replies":[{"embeddable":true,"href":"https:\/\/www.locoxelrojo.com\/independiente\/wp-json\/wp\/v2\/comments?post=47258"}],"version-history":[{"count":0,"href":"https:\/\/www.locoxelrojo.com\/independiente\/wp-json\/wp\/v2\/posts\/47258\/revisions"}],"wp:featuredmedia":[{"embeddable":true,"href":"https:\/\/www.locoxelrojo.com\/independiente\/wp-json\/wp\/v2\/media\/47259"}],"wp:attachment":[{"href":"https:\/\/www.locoxelrojo.com\/independiente\/wp-json\/wp\/v2\/media?parent=47258"}],"wp:term":[{"taxonomy":"category","embeddable":true,"href":"https:\/\/www.locoxelrojo.com\/independiente\/wp-json\/wp\/v2\/categories?post=47258"},{"taxonomy":"post_tag","embeddable":true,"href":"https:\/\/www.locoxelrojo.com\/independiente\/wp-json\/wp\/v2\/tags?post=47258"}],"curies":[{"name":"wp","href":"https:\/\/api.w.org\/{rel}","templated":true}]}}