{"id":47264,"date":"2014-09-19T14:04:35","date_gmt":"2014-09-19T17:04:35","guid":{"rendered":"http:\/\/www.locoxelrojo.com\/independiente\/?p=47264"},"modified":"2014-09-19T14:04:35","modified_gmt":"2014-09-19T17:04:35","slug":"concentrados-vs-river-tres-que-vuelven","status":"publish","type":"post","link":"https:\/\/www.locoxelrojo.com\/independiente\/2014\/09\/19\/concentrados-vs-river-tres-que-vuelven\/","title":{"rendered":"Concentrados vs. River: tres que vuelven"},"content":{"rendered":"<p>Tras el entrenamiento de este viernes en Villa Dom\u00ednico, Jorge Almir\u00f3n dio a conocer la lista de concentrados para el encuentro del pr\u00f3ximo domingo a las 21:30 ante River. <strong>Hubo tres vueltas respecto de los convocados ante Quilmes.<\/strong><\/p>\n<p>El entrenador decidi\u00f3 que vuelvan a concentrar <strong>Alexis Z\u00e1rate, Nicol\u00e1s Figal y Marcelo Vidal. De esta forma, Rodrigo G\u00f3mez, Gabriel Vall\u00e9s y Sergio Escudero quedaron afuera. De estos 20 jugadores, dos quedar\u00e1n afuera del banco el domingo.<\/strong><\/p>\n<p><span style=\"text-decoration: underline;\"><strong>Lista<\/strong><\/span><\/p>\n<p><strong>Arqueros:\u00a0<\/strong>Diego Rodr\u00edguez, Germ\u00e1n Montoya.<\/p>\n<p><strong>Defensores:\u00a0<\/strong>Cristian Tula, Sergio Ojeda, V\u00edctor Cuesta, Lucas Villalba, N\u00e9stor Breitenbruch, Nicol\u00e1s Figal, Alexis Z\u00e1rate.<\/p>\n<p><strong>Volantes:\u00a0<\/strong>Jes\u00fas M\u00e9ndez, Franco Bellocq, Marcelo Vidal, Mat\u00edas Pisano, Federico Mancuello, Daniel Montenegro, Federico Ins\u00faa.<\/p>\n<p><strong>Delanteros:\u00a0<\/strong>Francisco Pizzini, Juan Mart\u00edn Lucero, Claudio Ria\u00f1o, Sebasti\u00e1n Penco.<\/p>\n","protected":false},"excerpt":{"rendered":"<p>Tras el entrenamiento de este viernes en Villa Dom\u00ednico, Jorge Almir\u00f3n dio a conocer la lista de concentrados para el encuentro del pr\u00f3ximo domingo a las 21:30 ante River. Hubo tres vueltas respecto de los convocados ante Quilmes. El entrenador decidi\u00f3 que vuelvan a concentrar Alexis Z\u00e1rate, Nicol\u00e1s Figal y Marcelo Vidal. De esta forma, [&hellip;]<\/p>\n","protected":false},"author":11,"featured_media":47265,"comment_status":"open","ping_status":"closed","sticky":false,"template":"","format":"standard","meta":{"_links_to":"","_links_to_target":""},"categories":[3,1],"tags":[153,2786,2751],"_links":{"self":[{"href":"https:\/\/www.locoxelrojo.com\/independiente\/wp-json\/wp\/v2\/posts\/47264"}],"collection":[{"href":"https:\/\/www.locoxelrojo.com\/independiente\/wp-json\/wp\/v2\/posts"}],"about":[{"href":"https:\/\/www.locoxelrojo.com\/independiente\/wp-json\/wp\/v2\/types\/post"}],"author":[{"embeddable":true,"href":"https:\/\/www.locoxelrojo.com\/independiente\/wp-json\/wp\/v2\/users\/11"}],"replies":[{"embeddable":true,"href":"https:\/\/www.locoxelrojo.com\/independiente\/wp-json\/wp\/v2\/comments?post=47264"}],"version-history":[{"count":0,"href":"https:\/\/www.locoxelrojo.com\/independiente\/wp-json\/wp\/v2\/posts\/47264\/revisions"}],"wp:featuredmedia":[{"embeddable":true,"href":"https:\/\/www.locoxelrojo.com\/independiente\/wp-json\/wp\/v2\/media\/47265"}],"wp:attachment":[{"href":"https:\/\/www.locoxelrojo.com\/independiente\/wp-json\/wp\/v2\/media?parent=47264"}],"wp:term":[{"taxonomy":"category","embeddable":true,"href":"https:\/\/www.locoxelrojo.com\/independiente\/wp-json\/wp\/v2\/categories?post=47264"},{"taxonomy":"post_tag","embeddable":true,"href":"https:\/\/www.locoxelrojo.com\/independiente\/wp-json\/wp\/v2\/tags?post=47264"}],"curies":[{"name":"wp","href":"https:\/\/api.w.org\/{rel}","templated":true}]}}