{"id":47299,"date":"2014-09-21T23:35:01","date_gmt":"2014-09-22T02:35:01","guid":{"rendered":"http:\/\/www.locoxelrojo.com\/independiente\/?p=47299"},"modified":"2014-09-22T03:49:18","modified_gmt":"2014-09-22T06:49:18","slug":"montenegro-no-subestimamos-a-nadie-jamas-lo-hicimos","status":"publish","type":"post","link":"https:\/\/www.locoxelrojo.com\/independiente\/2014\/09\/21\/montenegro-no-subestimamos-a-nadie-jamas-lo-hicimos\/","title":{"rendered":"Montenegro: \u201cNo subestimamos a nadie, jam\u00e1s lo hicimos\u201d"},"content":{"rendered":"<p><strong>Daniel Montenegro<\/strong> enfrent\u00f3 los micr\u00f3fonos despu\u00e9s de la ca\u00edda en el Monumental y <strong>remarc\u00f3 que ni \u00e9l ni sus compa\u00f1eros tuvieron la intenci\u00f3n de subestimar o faltarle el respeto a River<\/strong> en la previa del partido. Adem\u00e1s, consider\u00f3 que Independiente no pudo plasmar en la cancha lo que hab\u00eda trabajado durante la semana.<\/p>\n<p><strong>\u201cGanamos cuatro\u00a0partidos y vinimos a una\u00a0cancha dif\u00edcil contra un rival que est\u00e1 muy bien y que est\u00e1 pasando un gran momento. Con lo nuestro, vinimos a tratar de jugar, de proponer\u00a0lo que vinimos haciendo. No nos sali\u00f3 y tenemos que seguir intentando, que es lo que nos ha puesto en la posici\u00f3n donde estamos\u201d<\/strong>, fueron las primeras palabras del Rolfi en conferencia de prensa.<\/p>\n<p>Sobre la pol\u00e9mica que generaron las declaraciones antes de enfrentar a River, Montenegro le puso pa\u00f1os fr\u00edos a la situaci\u00f3n.\u00a0<strong>\u201cUno puede declarar y decir un mont\u00f3n de cosas, pero sabemos que River es un gran equipo. Los partidos hay que jugarlos\u00a0y estas cosas nos tienen que servir. No subestimamos a nadie, jam\u00e1s lo hicimos. Dentro del campo de juego cada uno pens\u00f3 en hacer lo suyo\u201d<\/strong>, expres\u00f3.<\/p>\n<p><strong>\u201cLo que yo habl\u00e9 en la semana fue un juego de palabras entre periodistas que estaban en ese momento, pero\u00a0nunca le falt\u00e9 el respeto a nadie\u201d<\/strong>, agreg\u00f3 el volante. En la misma l\u00ednea, consider\u00f3 que el Rojo desperdici\u00f3 algunas chances: <strong>\u201cTrato de ver mi equipo y aprovechar las cosas que tenemos que aprovechar. Hoy no las aprovechamos y pagamos\u201d<\/strong>.<\/p>\n","protected":false},"excerpt":{"rendered":"<p>Daniel Montenegro enfrent\u00f3 los micr\u00f3fonos despu\u00e9s de la ca\u00edda en el Monumental y remarc\u00f3 que ni \u00e9l ni sus compa\u00f1eros tuvieron la intenci\u00f3n de subestimar o faltarle el respeto a River en la previa del partido. Adem\u00e1s, consider\u00f3 que Independiente no pudo plasmar en la cancha lo que hab\u00eda trabajado durante la semana. \u201cGanamos cuatro\u00a0partidos [&hellip;]<\/p>\n","protected":false},"author":8,"featured_media":47320,"comment_status":"open","ping_status":"closed","sticky":false,"template":"","format":"standard","meta":{"_links_to":"","_links_to_target":""},"categories":[3,1],"tags":[153,1859,444,2751],"_links":{"self":[{"href":"https:\/\/www.locoxelrojo.com\/independiente\/wp-json\/wp\/v2\/posts\/47299"}],"collection":[{"href":"https:\/\/www.locoxelrojo.com\/independiente\/wp-json\/wp\/v2\/posts"}],"about":[{"href":"https:\/\/www.locoxelrojo.com\/independiente\/wp-json\/wp\/v2\/types\/post"}],"author":[{"embeddable":true,"href":"https:\/\/www.locoxelrojo.com\/independiente\/wp-json\/wp\/v2\/users\/8"}],"replies":[{"embeddable":true,"href":"https:\/\/www.locoxelrojo.com\/independiente\/wp-json\/wp\/v2\/comments?post=47299"}],"version-history":[{"count":0,"href":"https:\/\/www.locoxelrojo.com\/independiente\/wp-json\/wp\/v2\/posts\/47299\/revisions"}],"wp:featuredmedia":[{"embeddable":true,"href":"https:\/\/www.locoxelrojo.com\/independiente\/wp-json\/wp\/v2\/media\/47320"}],"wp:attachment":[{"href":"https:\/\/www.locoxelrojo.com\/independiente\/wp-json\/wp\/v2\/media?parent=47299"}],"wp:term":[{"taxonomy":"category","embeddable":true,"href":"https:\/\/www.locoxelrojo.com\/independiente\/wp-json\/wp\/v2\/categories?post=47299"},{"taxonomy":"post_tag","embeddable":true,"href":"https:\/\/www.locoxelrojo.com\/independiente\/wp-json\/wp\/v2\/tags?post=47299"}],"curies":[{"name":"wp","href":"https:\/\/api.w.org\/{rel}","templated":true}]}}