{"id":47367,"date":"2014-09-23T13:34:22","date_gmt":"2014-09-23T16:34:22","guid":{"rendered":"http:\/\/www.locoxelrojo.com\/independiente\/?p=47367"},"modified":"2014-09-23T13:34:22","modified_gmt":"2014-09-23T16:34:22","slug":"vuelta-al-trabajo-despues-de-la-derrota","status":"publish","type":"post","link":"https:\/\/www.locoxelrojo.com\/independiente\/2014\/09\/23\/vuelta-al-trabajo-despues-de-la-derrota\/","title":{"rendered":"Vuelta al trabajo despu\u00e9s de la derrota"},"content":{"rendered":"<p><strong>Independiente volvi\u00f3 a los entrenamientos luego de la dura derrota frente a River en el Monumental y el lunes libre.<\/strong> Los titulares realizaron trabajos regenerativos, mientras que los que no jugaron el domingo se midieron frente a un combinado de Reserva.<\/p>\n<p>Este martes, en el predio de Villa Dom\u00ednico, se llev\u00f3 a cabo el primer entrenamiento de la semana para el plantel de Independiente. <strong>Hubo ejercicios f\u00edsicos livianos para aquellos jugadores que cayeron por 4 a 1 con River. <\/strong><\/p>\n<p><strong>Jorge Almir\u00f3n dispuso darle algunos minutos a aquellos jugadores que no participaron del encuentro el \u00faltimo fin de semana.<\/strong> Por eso, realiz\u00f3 una pr\u00e1ctica de f\u00fatbol con un combinado de Reserva. <strong>Germ\u00e1n Montoya; Gabriel Vall\u00e9s, Jorge Figal, Sergio Escudero, Alexis Z\u00e1rate; Rodrigo G\u00f3mez, Jes\u00fas M\u00e9ndez, Marcelo Vidal, Federico Ins\u00faa; Sebasti\u00e1n Penco y Juan Mart\u00edn Lucero<\/strong>, fueron los elegidos por el entrenador.<\/p>\n<p>Ma\u00f1ana mi\u00e9rcoles habr\u00e1 un nuevo entrenamiento, donde el t\u00e9cnico comenzar\u00e1 a delinear el equipo para recibir a Rosario Central el pr\u00f3ximo fin de semana.<strong> La buena noticia para Almir\u00f3n es que todos los jugadores est\u00e1n en \u00f3ptimas condiciones f\u00edsicas.<\/strong><\/p>\n","protected":false},"excerpt":{"rendered":"<p>Independiente volvi\u00f3 a los entrenamientos luego de la dura derrota frente a River en el Monumental y el lunes libre. Los titulares realizaron trabajos regenerativos, mientras que los que no jugaron el domingo se midieron frente a un combinado de Reserva. Este martes, en el predio de Villa Dom\u00ednico, se llev\u00f3 a cabo el primer [&hellip;]<\/p>\n","protected":false},"author":1,"featured_media":47368,"comment_status":"open","ping_status":"closed","sticky":false,"template":"","format":"standard","meta":{"_links_to":"","_links_to_target":""},"categories":[3,1],"tags":[26,2724,172],"_links":{"self":[{"href":"https:\/\/www.locoxelrojo.com\/independiente\/wp-json\/wp\/v2\/posts\/47367"}],"collection":[{"href":"https:\/\/www.locoxelrojo.com\/independiente\/wp-json\/wp\/v2\/posts"}],"about":[{"href":"https:\/\/www.locoxelrojo.com\/independiente\/wp-json\/wp\/v2\/types\/post"}],"author":[{"embeddable":true,"href":"https:\/\/www.locoxelrojo.com\/independiente\/wp-json\/wp\/v2\/users\/1"}],"replies":[{"embeddable":true,"href":"https:\/\/www.locoxelrojo.com\/independiente\/wp-json\/wp\/v2\/comments?post=47367"}],"version-history":[{"count":0,"href":"https:\/\/www.locoxelrojo.com\/independiente\/wp-json\/wp\/v2\/posts\/47367\/revisions"}],"wp:featuredmedia":[{"embeddable":true,"href":"https:\/\/www.locoxelrojo.com\/independiente\/wp-json\/wp\/v2\/media\/47368"}],"wp:attachment":[{"href":"https:\/\/www.locoxelrojo.com\/independiente\/wp-json\/wp\/v2\/media?parent=47367"}],"wp:term":[{"taxonomy":"category","embeddable":true,"href":"https:\/\/www.locoxelrojo.com\/independiente\/wp-json\/wp\/v2\/categories?post=47367"},{"taxonomy":"post_tag","embeddable":true,"href":"https:\/\/www.locoxelrojo.com\/independiente\/wp-json\/wp\/v2\/tags?post=47367"}],"curies":[{"name":"wp","href":"https:\/\/api.w.org\/{rel}","templated":true}]}}