{"id":4742,"date":"2011-02-10T16:51:17","date_gmt":"2011-02-10T19:51:17","guid":{"rendered":"http:\/\/www.locoxelrojo.com.ar\/independiente\/?p=4742"},"modified":"2011-02-10T17:45:30","modified_gmt":"2011-02-10T20:45:30","slug":"mohamed-lo-quiere","status":"publish","type":"post","link":"https:\/\/www.locoxelrojo.com\/independiente\/2011\/02\/10\/mohamed-lo-quiere\/","title":{"rendered":"Mohamed lo quiere"},"content":{"rendered":"<p><a href=\"http:\/\/www.locoxelrojo.com.ar\/independiente\/wp-content\/uploads\/2011\/02\/martin_gomez.jpg\"><img loading=\"lazy\" class=\"alignnone size-full wp-image-4743\" title=\"martin_gomez\" src=\"http:\/\/www.locoxelrojo.com.ar\/independiente\/wp-content\/uploads\/2011\/02\/martin_gomez.jpg\" alt=\"\" width=\"590\" height=\"315\" srcset=\"https:\/\/locoxelrojo.com\/independiente\/wp-content\/uploads\/2011\/02\/martin_gomez.jpg 590w, https:\/\/locoxelrojo.com\/independiente\/wp-content\/uploads\/2011\/02\/martin_gomez-300x160.jpg 300w\" sizes=\"(max-width: 590px) 100vw, 590px\" \/><\/a><\/p>\n<p>Ante la oferta que Mart\u00edn G\u00f3mez tiene para irse a Tigre y luego de haber quedado afuera de la lista de los concentrados, Antonio Mohamed observ\u00f3 la preocupaci\u00f3n de la gente por la ida de uno de los delanteros m\u00e1s pretendidos por la hinchada roja. Es que el grito de &#8220;pelado, pelado&#8221; se escuch\u00f3 varias veces desde las tribunas pero el jugador a\u00fan no ha podido demostrar lo que hizo en Independiente de Mendoza desde que lleg\u00f3 al club.<\/p>\n<p>Es por eso que el D.T., como ya nos tiene acostumbrados, recurri\u00f3 a su cuenta de Twitter para aclarar la situaci\u00f3n (@antoniomohamed). El t\u00e9cnico escribi\u00f3: &#8220;Yo quiero que se quede, \u00bfok? \u00c9l tiene ofertas y est\u00e1 pensando&#8221; Y repiti\u00f3 otra vez:\u00a0 &#8220;Ojal\u00e1 que se quede con nosotros con nosotros, depende de \u00e9l y su cabeza manda ahora&#8221;.<\/p>\n<p>Mohamed adem\u00e1s aclar\u00f3 que el jugador tiene que dar una respuesta antes de la noche y ya habl\u00f3 con la comisi\u00f3n directiva y el t\u00e9cnico.<\/p>\n","protected":false},"excerpt":{"rendered":"<p>Ante la oferta que Mart\u00edn G\u00f3mez tiene para irse a Tigre y luego de haber quedado afuera de la lista de los concentrados, Antonio Mohamed observ\u00f3 la preocupaci\u00f3n de la gente por la ida de uno de los delanteros m\u00e1s pretendidos por la hinchada roja. Es que el grito de &#8220;pelado, pelado&#8221; se escuch\u00f3 varias [&hellip;]<\/p>\n","protected":false},"author":1,"featured_media":0,"comment_status":"open","ping_status":"open","sticky":false,"template":"","format":"standard","meta":{"_links_to":"","_links_to_target":""},"categories":[3,1],"tags":[115,59,538],"_links":{"self":[{"href":"https:\/\/www.locoxelrojo.com\/independiente\/wp-json\/wp\/v2\/posts\/4742"}],"collection":[{"href":"https:\/\/www.locoxelrojo.com\/independiente\/wp-json\/wp\/v2\/posts"}],"about":[{"href":"https:\/\/www.locoxelrojo.com\/independiente\/wp-json\/wp\/v2\/types\/post"}],"author":[{"embeddable":true,"href":"https:\/\/www.locoxelrojo.com\/independiente\/wp-json\/wp\/v2\/users\/1"}],"replies":[{"embeddable":true,"href":"https:\/\/www.locoxelrojo.com\/independiente\/wp-json\/wp\/v2\/comments?post=4742"}],"version-history":[{"count":0,"href":"https:\/\/www.locoxelrojo.com\/independiente\/wp-json\/wp\/v2\/posts\/4742\/revisions"}],"wp:attachment":[{"href":"https:\/\/www.locoxelrojo.com\/independiente\/wp-json\/wp\/v2\/media?parent=4742"}],"wp:term":[{"taxonomy":"category","embeddable":true,"href":"https:\/\/www.locoxelrojo.com\/independiente\/wp-json\/wp\/v2\/categories?post=4742"},{"taxonomy":"post_tag","embeddable":true,"href":"https:\/\/www.locoxelrojo.com\/independiente\/wp-json\/wp\/v2\/tags?post=4742"}],"curies":[{"name":"wp","href":"https:\/\/api.w.org\/{rel}","templated":true}]}}