{"id":4761,"date":"2011-02-11T00:40:20","date_gmt":"2011-02-11T02:40:20","guid":{"rendered":"http:\/\/www.locoxelrojo.com.ar\/independiente\/?p=4761"},"modified":"2011-02-11T00:40:20","modified_gmt":"2011-02-11T02:40:20","slug":"se-fue-nomas","status":"publish","type":"post","link":"https:\/\/www.locoxelrojo.com\/independiente\/2011\/02\/11\/se-fue-nomas\/","title":{"rendered":"Se fue nom\u00e1s"},"content":{"rendered":"<p><a href=\"http:\/\/www.locoxelrojo.com.ar\/independiente\/wp-content\/uploads\/2011\/02\/martin_gomez1.jpg\"><img loading=\"lazy\" class=\"alignnone size-full wp-image-4762\" title=\"martin_gomez\" src=\"http:\/\/www.locoxelrojo.com.ar\/independiente\/wp-content\/uploads\/2011\/02\/martin_gomez1.jpg\" alt=\"\" width=\"590\" height=\"315\" srcset=\"https:\/\/locoxelrojo.com\/independiente\/wp-content\/uploads\/2011\/02\/martin_gomez1.jpg 590w, https:\/\/locoxelrojo.com\/independiente\/wp-content\/uploads\/2011\/02\/martin_gomez1-300x160.jpg 300w\" sizes=\"(max-width: 590px) 100vw, 590px\" \/><\/a><\/p>\n<p>La decisi\u00f3n no es erronea. A Mart\u00edn G\u00f3mez el t\u00e9cnico le manifest\u00f3 que lo va a tener en consideraci\u00f3n. Sin embargo, lleg\u00f3 Leonel Nu\u00f1ez y Mohamed no par\u00f3 de reiterar que buscaba un delantero. Para colmo, los elogios para con Nieva eran reiterados y eso fue lo que llev\u00f3 al ex Independiente de Mendoza a tomar la decisi\u00f3n.<\/p>\n<p>El contexto es sencillo, en seis meses el jugador debe volver del pr\u00e9stamo a Mendoza y sin continuidad no puede mostrarse para una futura compra. Tigre necesita un delantero por afuera y Arruabarrena dialog\u00f3 con el jugador quien qued\u00f3 muy conforme con la idea de juego del ex jugador.<\/p>\n<p>El delantero se presentar\u00e1 ante el plantel matador el s\u00e1bado y, ma\u00f1ana por la ma\u00f1ana har\u00e1 la revisi\u00f3n m\u00e9dica. El pr\u00e9stamo con Independiente qued\u00f3 rescindido y al jugador a\u00fan se le adeuda dinero por su contrato.<\/p>\n","protected":false},"excerpt":{"rendered":"<p>La decisi\u00f3n no es erronea. A Mart\u00edn G\u00f3mez el t\u00e9cnico le manifest\u00f3 que lo va a tener en consideraci\u00f3n. Sin embargo, lleg\u00f3 Leonel Nu\u00f1ez y Mohamed no par\u00f3 de reiterar que buscaba un delantero. Para colmo, los elogios para con Nieva eran reiterados y eso fue lo que llev\u00f3 al ex Independiente de Mendoza a [&hellip;]<\/p>\n","protected":false},"author":1,"featured_media":0,"comment_status":"open","ping_status":"open","sticky":false,"template":"","format":"standard","meta":{"_links_to":"","_links_to_target":""},"categories":[3,1],"tags":[115,153,611,59,309],"_links":{"self":[{"href":"https:\/\/www.locoxelrojo.com\/independiente\/wp-json\/wp\/v2\/posts\/4761"}],"collection":[{"href":"https:\/\/www.locoxelrojo.com\/independiente\/wp-json\/wp\/v2\/posts"}],"about":[{"href":"https:\/\/www.locoxelrojo.com\/independiente\/wp-json\/wp\/v2\/types\/post"}],"author":[{"embeddable":true,"href":"https:\/\/www.locoxelrojo.com\/independiente\/wp-json\/wp\/v2\/users\/1"}],"replies":[{"embeddable":true,"href":"https:\/\/www.locoxelrojo.com\/independiente\/wp-json\/wp\/v2\/comments?post=4761"}],"version-history":[{"count":0,"href":"https:\/\/www.locoxelrojo.com\/independiente\/wp-json\/wp\/v2\/posts\/4761\/revisions"}],"wp:attachment":[{"href":"https:\/\/www.locoxelrojo.com\/independiente\/wp-json\/wp\/v2\/media?parent=4761"}],"wp:term":[{"taxonomy":"category","embeddable":true,"href":"https:\/\/www.locoxelrojo.com\/independiente\/wp-json\/wp\/v2\/categories?post=4761"},{"taxonomy":"post_tag","embeddable":true,"href":"https:\/\/www.locoxelrojo.com\/independiente\/wp-json\/wp\/v2\/tags?post=4761"}],"curies":[{"name":"wp","href":"https:\/\/api.w.org\/{rel}","templated":true}]}}