{"id":47703,"date":"2014-10-03T17:43:49","date_gmt":"2014-10-03T20:43:49","guid":{"rendered":"http:\/\/www.locoxelrojo.com\/independiente\/?p=47703"},"modified":"2014-10-07T03:05:20","modified_gmt":"2014-10-07T06:05:20","slug":"giusti-el-contrato-de-velazquez-esta-acordado-de-palabra","status":"publish","type":"post","link":"https:\/\/www.locoxelrojo.com\/independiente\/2014\/10\/03\/giusti-el-contrato-de-velazquez-esta-acordado-de-palabra\/","title":{"rendered":"Giusti: &#8220;El contrato de Vel\u00e1zquez est\u00e1 acordado de palabra&#8221;"},"content":{"rendered":"<p>Ricardo Giusti, uno de los representantes de Juli\u00e1n Vel\u00e1zquez, <strong>afirm\u00f3 que la continuidad de la Avispa est\u00e1 acordada de palabra<\/strong>. Adem\u00e1s, <strong>volvi\u00f3 a disparar contra H\u00e9ctor Maldonado, Secretario General del club<\/strong>.<\/p>\n<p>En declaraciones a InfiernoRojo Radio, una de las ex glorias de Independiente y quien maneja los intereses de Vel\u00e1zquez, asegur\u00f3 que hay acuerdo de palabra para renovar el contrato del defensor: <strong>&#8220;Est\u00e1 acordado de palabra. En estos momentos, los abogados del Club est\u00e1n confeccionando el contrato&#8221;<\/strong>.<\/p>\n<p>Luego, se refiri\u00f3 al fuerte cruce medi\u00e1tico que tuvo semanas atr\u00e1s con H\u00e9ctor Maldonado. <strong>\u201cDe un mes a esta parte, lo \u00fanico que cambi\u00f3 es que Maldonado se call\u00f3 y dej\u00f3 de mentirle a la gente. Dej\u00f3 de apretarme, supongo que se habr\u00e1 dado cuenta que meti\u00f3 la pata&#8221;<\/strong>, manifest\u00f3. <strong>&#8220;Fueron demasiadas estupideces de este muchacho. Ser\u00eda muy de hombre pedir disculpas p\u00fablicas. Lo espero&#8221;<\/strong>, a\u00f1adi\u00f3.<\/p>\n<p><strong>&#8220;Yo no soy un NN en el Club. Soy much\u00edsimo m\u00e1s importante que Maldonado en el Club. Hice mucho m\u00e1s que lo que hizo \u00e9l. De hecho, que Juli\u00e1n siga en el Club, tiene que ver con su decisi\u00f3n y con mi trabajo para que as\u00ed sea&#8221;<\/strong>, sigui\u00f3. <strong>&#8220;Di todo como jugador y despu\u00e9s tambi\u00e9n. Dijo que yo ten\u00eda miedo de ir al club. \u00bfC\u00f3mo voy a tener miedo de ir al Club? Si es mi casa. 11 a\u00f1os estuve ah\u00ed. A ver si \u00e9l me puede sacar&#8221;<\/strong>, finaliz\u00f3.<\/p>\n","protected":false},"excerpt":{"rendered":"<p>Ricardo Giusti, uno de los representantes de Juli\u00e1n Vel\u00e1zquez, afirm\u00f3 que la continuidad de la Avispa est\u00e1 acordada de palabra. Adem\u00e1s, volvi\u00f3 a disparar contra H\u00e9ctor Maldonado, Secretario General del club. En declaraciones a InfiernoRojo Radio, una de las ex glorias de Independiente y quien maneja los intereses de Vel\u00e1zquez, asegur\u00f3 que hay acuerdo de [&hellip;]<\/p>\n","protected":false},"author":1,"featured_media":47704,"comment_status":"open","ping_status":"closed","sticky":false,"template":"","format":"standard","meta":{"_links_to":"","_links_to_target":""},"categories":[3,1],"tags":[2636,32,1410],"_links":{"self":[{"href":"https:\/\/www.locoxelrojo.com\/independiente\/wp-json\/wp\/v2\/posts\/47703"}],"collection":[{"href":"https:\/\/www.locoxelrojo.com\/independiente\/wp-json\/wp\/v2\/posts"}],"about":[{"href":"https:\/\/www.locoxelrojo.com\/independiente\/wp-json\/wp\/v2\/types\/post"}],"author":[{"embeddable":true,"href":"https:\/\/www.locoxelrojo.com\/independiente\/wp-json\/wp\/v2\/users\/1"}],"replies":[{"embeddable":true,"href":"https:\/\/www.locoxelrojo.com\/independiente\/wp-json\/wp\/v2\/comments?post=47703"}],"version-history":[{"count":0,"href":"https:\/\/www.locoxelrojo.com\/independiente\/wp-json\/wp\/v2\/posts\/47703\/revisions"}],"wp:featuredmedia":[{"embeddable":true,"href":"https:\/\/www.locoxelrojo.com\/independiente\/wp-json\/wp\/v2\/media\/47704"}],"wp:attachment":[{"href":"https:\/\/www.locoxelrojo.com\/independiente\/wp-json\/wp\/v2\/media?parent=47703"}],"wp:term":[{"taxonomy":"category","embeddable":true,"href":"https:\/\/www.locoxelrojo.com\/independiente\/wp-json\/wp\/v2\/categories?post=47703"},{"taxonomy":"post_tag","embeddable":true,"href":"https:\/\/www.locoxelrojo.com\/independiente\/wp-json\/wp\/v2\/tags?post=47703"}],"curies":[{"name":"wp","href":"https:\/\/api.w.org\/{rel}","templated":true}]}}