{"id":47934,"date":"2014-10-14T13:48:02","date_gmt":"2014-10-14T16:48:02","guid":{"rendered":"http:\/\/www.locoxelrojo.com\/independiente\/?p=47934"},"modified":"2014-10-14T17:41:17","modified_gmt":"2014-10-14T20:41:17","slug":"damiani-no-hay-intencion-de-prescindir-de-milito","status":"publish","type":"post","link":"https:\/\/www.locoxelrojo.com\/independiente\/2014\/10\/14\/damiani-no-hay-intencion-de-prescindir-de-milito\/","title":{"rendered":"Damiani: &#8220;No hay intenci\u00f3n de prescindir de Milito&#8221;"},"content":{"rendered":"<p>Jorge Damiani, secretario deportivo de Independiente, <strong>cort\u00f3 de ra\u00edz con los rumores sobre un posible alejamiento de Gabriel Milito<\/strong>. El dirigente afirm\u00f3 que <strong>&#8220;es todo una bomba de humo&#8221;<\/strong> y que <strong>&#8220;Milito junto a Gomis van a ser las cabezas del proyecto de Inferiores&#8221;<\/strong>.<\/p>\n<p>El rumor comenz\u00f3 a circular hace unos d\u00edas y este lunes, a trav\u00e9s de las redes sociales, empez\u00f3 a expandirse. En cuesti\u00f3n de segundos, los hinchas comenzaron a manifestarse en contra, pero lo cierto, es que hay Mariscal para rato. <strong>&#8220;Es todo una bomba de humo. La semana pasada estuvo Milito reunido con H\u00e9ctor Maldonado. Yo estuve hablando con Gomis en el partido de Reserva. Ellos van a ser las dos cabezas de este proyecto&#8221;<\/strong>, expres\u00f3 Damiani en di\u00e1logo con MasRojo. <strong>&#8220;No hay ninguna intenci\u00f3n por parte de la Comisi\u00f3n Directiva de prescindir de ellos&#8221;<\/strong>, agreg\u00f3.<\/p>\n<p><strong>Esta semana arrancaron las obras en el predio de Villa Dom\u00ednico, que ser\u00e1n financiadas por una donaci\u00f3n del propio Milito a la que se le sum\u00f3 Sergio Ag\u00fcero.<\/strong> El Mariscal est\u00e1 muy comprometido con el proyecto de Inferiores y por eso, es una locura pensar que de un d\u00eda para el otro va a pegar un portazo.<\/p>\n<p><strong>La idea de varios miembros de Comisi\u00f3n Directiva pasa por renovar las Divisiones Inferiores. Sumar nuevos talentos y cambiar las cabezas de cada categor\u00eda por cuerpos t\u00e9cnicos m\u00e1s j\u00f3venes.<\/strong> Esta moci\u00f3n cuenta con el visto bueno del exdefensor y tambi\u00e9n de Gomis, aunque gener\u00f3 cierto descontento en otros dirigentes.<\/p>\n<p><strong>&#8220;Tenemos que cuidar a Pancho S\u00e1, Pavoni y Santoro, porque fueron los que hicieron grande a un club. Hoy ellos tienen que cumplir otra funci\u00f3n en el club, porque es dif\u00edcil que una persona de 60 a\u00f1os le llegue a un chico. Queremos que cumplan una funci\u00f3n m\u00e1s educativa, como ir a buscar talentos&#8221;<\/strong>, cerr\u00f3.<\/p>\n","protected":false},"excerpt":{"rendered":"<p>Jorge Damiani, secretario deportivo de Independiente, cort\u00f3 de ra\u00edz con los rumores sobre un posible alejamiento de Gabriel Milito. El dirigente afirm\u00f3 que &#8220;es todo una bomba de humo&#8221; y que &#8220;Milito junto a Gomis van a ser las cabezas del proyecto de Inferiores&#8221;. El rumor comenz\u00f3 a circular hace unos d\u00edas y este lunes, [&hellip;]<\/p>\n","protected":false},"author":1,"featured_media":47935,"comment_status":"open","ping_status":"closed","sticky":false,"template":"","format":"standard","meta":{"_links_to":"","_links_to_target":""},"categories":[5,4,1],"tags":[42,2661,2479],"_links":{"self":[{"href":"https:\/\/www.locoxelrojo.com\/independiente\/wp-json\/wp\/v2\/posts\/47934"}],"collection":[{"href":"https:\/\/www.locoxelrojo.com\/independiente\/wp-json\/wp\/v2\/posts"}],"about":[{"href":"https:\/\/www.locoxelrojo.com\/independiente\/wp-json\/wp\/v2\/types\/post"}],"author":[{"embeddable":true,"href":"https:\/\/www.locoxelrojo.com\/independiente\/wp-json\/wp\/v2\/users\/1"}],"replies":[{"embeddable":true,"href":"https:\/\/www.locoxelrojo.com\/independiente\/wp-json\/wp\/v2\/comments?post=47934"}],"version-history":[{"count":0,"href":"https:\/\/www.locoxelrojo.com\/independiente\/wp-json\/wp\/v2\/posts\/47934\/revisions"}],"wp:featuredmedia":[{"embeddable":true,"href":"https:\/\/www.locoxelrojo.com\/independiente\/wp-json\/wp\/v2\/media\/47935"}],"wp:attachment":[{"href":"https:\/\/www.locoxelrojo.com\/independiente\/wp-json\/wp\/v2\/media?parent=47934"}],"wp:term":[{"taxonomy":"category","embeddable":true,"href":"https:\/\/www.locoxelrojo.com\/independiente\/wp-json\/wp\/v2\/categories?post=47934"},{"taxonomy":"post_tag","embeddable":true,"href":"https:\/\/www.locoxelrojo.com\/independiente\/wp-json\/wp\/v2\/tags?post=47934"}],"curies":[{"name":"wp","href":"https:\/\/api.w.org\/{rel}","templated":true}]}}