{"id":48022,"date":"2014-10-16T23:00:52","date_gmt":"2014-10-17T02:00:52","guid":{"rendered":"http:\/\/www.locoxelrojo.com\/independiente\/?p=48022"},"modified":"2015-10-16T18:19:38","modified_gmt":"2015-10-16T21:19:38","slug":"velazquez-los-dirigentes-no-querian-que-yo-siga-en-el-club","status":"publish","type":"post","link":"https:\/\/www.locoxelrojo.com\/independiente\/2014\/10\/16\/velazquez-los-dirigentes-no-querian-que-yo-siga-en-el-club\/","title":{"rendered":"J. Vel\u00e1zquez: \u201cLos dirigentes no quer\u00edan que yo siga en el club\u201d"},"content":{"rendered":"<p><strong>Juli\u00e1n Vel\u00e1zquez<\/strong> confirm\u00f3 que tiene las horas contadas en Independiente y se mostr\u00f3 muy enojado con los dirigentes. El defensor cont\u00f3 que nadie se acerc\u00f3 a \u00e9l para arreglar su continuidad en el club y remarc\u00f3 que su intenci\u00f3n siempre fue quedarse.<strong> \u201cHoy habl\u00e9 con mi representante, me coment\u00f3 que lo llamaron y le dijeron que a partir del lunes no me ten\u00eda que presentar m\u00e1s\u201d<\/strong>, se\u00f1al\u00f3.<\/p>\n<p><strong>\u201cMe siento triste. Desde un principio, yo junto a mi representante quisimos seguir en el club, por tantas cosas que pas\u00e9, me inici\u00e9 ah\u00ed. Me duele mucho irme de esta manera, no es lo que yo esperaba. No entiendo qu\u00e9 pas\u00f3\u201d<\/strong>, expres\u00f3 la Avispa en di\u00e1logo con De La Cuna Al Infierno, y enseguida carg\u00f3 contra la dirigencia: <strong>\u201cAparte de lo econ\u00f3mico, parece que el inter\u00e9s y la intenci\u00f3n de ellos no era que siga. No me hablaron en ning\u00fan momento, no me preguntaban c\u00f3mo me sent\u00eda ni c\u00f3mo estaba\u201d<\/strong>.<\/p>\n<p>Vel\u00e1zquez cont\u00f3 que las autoridades del Rojo no se comunicaron con \u00e9l para charlar sobre su continuidad: <strong>\u201cSolamente hablaba con Jorge Damiani\u00a0y siempre le dije que mi intenci\u00f3n era quedarme, que era lo que m\u00e1s quer\u00eda. Estaba todo arreglado y se cay\u00f3 todo de un d\u00eda para el otro. No s\u00e9 si le dieron la baja a \u00e9l o c\u00f3mo fue todo\u201d<\/strong>. En la misma l\u00ednea, descart\u00f3 un problema econ\u00f3mico y\u00a0revel\u00f3 que el club nunca realiz\u00f3\u00a0una contraoferta para contar con \u00e9l: <strong>\u201cSi Independiente no quer\u00eda pagar una plata X que ped\u00eda mi representante, bueno, te escucho para ver cu\u00e1l es la propuesta que me hac\u00e9s y qu\u00e9 inter\u00e9s ten\u00e9s para que yo siga, pero no hubo nada. No pasa por lo econ\u00f3mico, pasa m\u00e1s por inter\u00e9s o porque no quer\u00edan que siga en el club, o algo as\u00ed\u201d<\/strong>.<\/p>\n<p>Por otro lado, pese a no tener di\u00e1logo con los dirigentes, el defensor confes\u00f3 que se mantuvo en forma por si le tocaba continuar en el Rojo, algo que finalmente no sucedi\u00f3.<strong> \u201cEn este \u00faltimo tiempo no recib\u00ed nada. Me banqu\u00e9 solo la operaci\u00f3n y la recuperaci\u00f3n. Hoy, gracias a Dios, me siento muy bien en lo f\u00edsico. Me entren\u00e9, me cuid\u00e9 y estoy mejor que cuando jugaba. Estoy contento por eso, pero estoy triste porque yo quer\u00eda seguir en el club y no se dio\u201d<\/strong>, afirm\u00f3.<\/p>\n<p><strong>\u201cEstoy muy caliente y enojado porque por lo menos me hubiera gustado que se hubieran interesado un poquito m\u00e1s. Por lo menos venir y charlar conmigo, que me preguntaran qu\u00e9 quer\u00eda hacer o qu\u00e9 necesitaba\u201d<\/strong>, a\u00f1adi\u00f3 Vel\u00e1zquez, ratificando una y otra vez\u00a0que nunca mostraron inter\u00e9s en que \u00e9l siguiera en Independiente. <strong>\u201cSi al club le hubiera interesado que yo siguiera, hubieran buscado alguna forma para quedarme y no se dio as\u00ed\u201d<\/strong>, concluy\u00f3.<\/p>\n","protected":false},"excerpt":{"rendered":"<p>Juli\u00e1n Vel\u00e1zquez confirm\u00f3 que tiene las horas contadas en Independiente y se mostr\u00f3 muy enojado con los dirigentes. El defensor cont\u00f3 que nadie se acerc\u00f3 a \u00e9l para arreglar su continuidad en el club y remarc\u00f3 que su intenci\u00f3n siempre fue quedarse. \u201cHoy habl\u00e9 con mi representante, me coment\u00f3 que lo llamaron y le dijeron [&hellip;]<\/p>\n","protected":false},"author":8,"featured_media":48028,"comment_status":"open","ping_status":"closed","sticky":false,"template":"","format":"standard","meta":{"_links_to":"","_links_to_target":""},"categories":[3,1],"tags":[153,2661,32],"_links":{"self":[{"href":"https:\/\/www.locoxelrojo.com\/independiente\/wp-json\/wp\/v2\/posts\/48022"}],"collection":[{"href":"https:\/\/www.locoxelrojo.com\/independiente\/wp-json\/wp\/v2\/posts"}],"about":[{"href":"https:\/\/www.locoxelrojo.com\/independiente\/wp-json\/wp\/v2\/types\/post"}],"author":[{"embeddable":true,"href":"https:\/\/www.locoxelrojo.com\/independiente\/wp-json\/wp\/v2\/users\/8"}],"replies":[{"embeddable":true,"href":"https:\/\/www.locoxelrojo.com\/independiente\/wp-json\/wp\/v2\/comments?post=48022"}],"version-history":[{"count":0,"href":"https:\/\/www.locoxelrojo.com\/independiente\/wp-json\/wp\/v2\/posts\/48022\/revisions"}],"wp:featuredmedia":[{"embeddable":true,"href":"https:\/\/www.locoxelrojo.com\/independiente\/wp-json\/wp\/v2\/media\/48028"}],"wp:attachment":[{"href":"https:\/\/www.locoxelrojo.com\/independiente\/wp-json\/wp\/v2\/media?parent=48022"}],"wp:term":[{"taxonomy":"category","embeddable":true,"href":"https:\/\/www.locoxelrojo.com\/independiente\/wp-json\/wp\/v2\/categories?post=48022"},{"taxonomy":"post_tag","embeddable":true,"href":"https:\/\/www.locoxelrojo.com\/independiente\/wp-json\/wp\/v2\/tags?post=48022"}],"curies":[{"name":"wp","href":"https:\/\/api.w.org\/{rel}","templated":true}]}}