{"id":4810,"date":"2011-02-11T23:00:30","date_gmt":"2011-02-12T01:00:30","guid":{"rendered":"http:\/\/www.locoxelrojo.com.ar\/independiente\/?p=4810"},"modified":"2015-09-16T14:46:08","modified_gmt":"2015-09-16T17:46:08","slug":"ficha-del-partido-vs-velez","status":"publish","type":"post","link":"https:\/\/www.locoxelrojo.com\/independiente\/2011\/02\/11\/ficha-del-partido-vs-velez\/","title":{"rendered":"Ficha del partido vs. V\u00e9lez"},"content":{"rendered":"<p><a href=\"http:\/\/www.locoxelrojo.com.ar\/independiente\/wp-content\/uploads\/2011\/02\/mareque_velez.jpg\"><img loading=\"lazy\" class=\"alignnone size-full wp-image-4811\" title=\"mareque_velez\" src=\"http:\/\/www.locoxelrojo.com.ar\/independiente\/wp-content\/uploads\/2011\/02\/mareque_velez.jpg\" alt=\"\" width=\"590\" height=\"315\" srcset=\"https:\/\/locoxelrojo.com\/independiente\/wp-content\/uploads\/2011\/02\/mareque_velez.jpg 590w, https:\/\/locoxelrojo.com\/independiente\/wp-content\/uploads\/2011\/02\/mareque_velez-300x160.jpg 300w\" sizes=\"(max-width: 590px) 100vw, 590px\" \/><\/a><\/p>\n<p><strong>Independiente (2):<\/strong> Hilario Navarro; Iv\u00e1n V\u00e9lez, Carlos Matheu, Juli\u00e1n Vel\u00e1zquez, Maximiliano Vel\u00e1zquez; Nicol\u00e1s Cabrera, Roberto Batti\u00f3n, Lucas Mareque, Mat\u00edas Defederico; Facundo Parra y Andr\u00e9s Silvera. DT: Antonio Mohamed.<\/p>\n<p><strong>V\u00e9lez (2):<\/strong> Marcelo Barovero; Fabi\u00e1n Cubero, Federico Dom\u00ednguez, Fernando Ortiz, Emiliano Papa; Augusto Fern\u00e1ndez, Franco Razzotti, H\u00e9ctor Canteros, David Ram\u00edrez; Maximiliano Moralez y Santiago Silva. DT: Ricardo Gareca.<\/p>\n<p><strong>Goles: <\/strong>7\u2019 PT Facundo Parra (I), 36\u2019 PT Roberto Batti\u00f3n (I), 1&#8242; ST Maximiliano Moralez (V) y 34\u2019 ST Juan Manuel Mart\u00ednez (V).<\/p>\n<p><strong>Cambios:<\/strong> 13\u2019 ST Juan Manuel Mart\u00ednez por A. Fern\u00e1ndez (V), 16\u2019 Fernando Godoy por Facundo Parra (I), 19\u2019 Guillermo Franco por Silva (V), 35\u2019 N\u00fa\u00f1ez por V\u00e9lez (I), 39\u2019 Gast\u00f3n D\u00edaz por Canteros (V), 43\u2019 Patricio Rodr\u00edguez por Defederico (I).<\/p>\n<p><strong>Amonestados: <\/strong>35&#8242; PT Cubero (V), 38&#8242; PT Defederico (I), 8&#8242; ST Razzotti (V), 14&#8242; ST J. Vel\u00e1zquez (I), 27&#8242; ST Dom\u00ednguez (V), 29&#8242; ST Navarro (I), 38&#8242; ST Matheu (I).<\/p>\n<p><strong>Expulsados:<\/strong> No hubo.<\/p>\n<p><strong>\u00c1rbitro: <\/strong>Diego Abal.<\/p>\n<p><strong>Estadio:<\/strong> Libertadores de Am\u00e9rica.<\/p>\n","protected":false},"excerpt":{"rendered":"<p>Independiente (2): Hilario Navarro; Iv\u00e1n V\u00e9lez, Carlos Matheu, Juli\u00e1n Vel\u00e1zquez, Maximiliano Vel\u00e1zquez; Nicol\u00e1s Cabrera, Roberto Batti\u00f3n, Lucas Mareque, Mat\u00edas Defederico; Facundo Parra y Andr\u00e9s Silvera. DT: Antonio Mohamed. V\u00e9lez (2): Marcelo Barovero; Fabi\u00e1n Cubero, Federico Dom\u00ednguez, Fernando Ortiz, Emiliano Papa; Augusto Fern\u00e1ndez, Franco Razzotti, H\u00e9ctor Canteros, David Ram\u00edrez; Maximiliano Moralez y Santiago Silva. DT: Ricardo [&hellip;]<\/p>\n","protected":false},"author":11,"featured_media":0,"comment_status":"open","ping_status":"open","sticky":false,"template":"","format":"standard","meta":{"_links_to":"","_links_to_target":""},"categories":[1988,3,1],"tags":[395,153,180,295,2722],"_links":{"self":[{"href":"https:\/\/www.locoxelrojo.com\/independiente\/wp-json\/wp\/v2\/posts\/4810"}],"collection":[{"href":"https:\/\/www.locoxelrojo.com\/independiente\/wp-json\/wp\/v2\/posts"}],"about":[{"href":"https:\/\/www.locoxelrojo.com\/independiente\/wp-json\/wp\/v2\/types\/post"}],"author":[{"embeddable":true,"href":"https:\/\/www.locoxelrojo.com\/independiente\/wp-json\/wp\/v2\/users\/11"}],"replies":[{"embeddable":true,"href":"https:\/\/www.locoxelrojo.com\/independiente\/wp-json\/wp\/v2\/comments?post=4810"}],"version-history":[{"count":0,"href":"https:\/\/www.locoxelrojo.com\/independiente\/wp-json\/wp\/v2\/posts\/4810\/revisions"}],"wp:attachment":[{"href":"https:\/\/www.locoxelrojo.com\/independiente\/wp-json\/wp\/v2\/media?parent=4810"}],"wp:term":[{"taxonomy":"category","embeddable":true,"href":"https:\/\/www.locoxelrojo.com\/independiente\/wp-json\/wp\/v2\/categories?post=4810"},{"taxonomy":"post_tag","embeddable":true,"href":"https:\/\/www.locoxelrojo.com\/independiente\/wp-json\/wp\/v2\/tags?post=4810"}],"curies":[{"name":"wp","href":"https:\/\/api.w.org\/{rel}","templated":true}]}}