{"id":48149,"date":"2014-10-20T21:45:09","date_gmt":"2014-10-21T00:45:09","guid":{"rendered":"http:\/\/www.locoxelrojo.com\/independiente\/?p=48149"},"modified":"2014-10-20T22:34:05","modified_gmt":"2014-10-21T01:34:05","slug":"damiani-insua-no-jugara-mas-en-independiente-no-hay-vuelta-atras","status":"publish","type":"post","link":"https:\/\/www.locoxelrojo.com\/independiente\/2014\/10\/20\/damiani-insua-no-jugara-mas-en-independiente-no-hay-vuelta-atras\/","title":{"rendered":"Damiani: \u201cIns\u00faa no jugar\u00e1 m\u00e1s en Independiente, no hay vuelta atr\u00e1s\u201d"},"content":{"rendered":"<p><strong>Jorge Damiani le puso punto final al conflicto con Federico Ins\u00faa y asegur\u00f3 que no jugar\u00e1 m\u00e1s en Independiente<\/strong>. Seg\u00fan el secretario deportivo, las declaraciones del Pocho en contra del entrenador inclinaron la balanza para que el club decidiera rescindirle contrato. Adem\u00e1s, habl\u00f3 de la poca continuidad\u00a0de Rodrigo G\u00f3mez y\u00a0<strong>dio detalles del refuerzo que busca el Rojo en la defensa<\/strong>.<\/p>\n<p><strong>\u201cIns\u00faa no jugar\u00e1 m\u00e1s en Independiente. Esa es la decisi\u00f3n y nos sentaremos a hablar con \u00e9l y con el hermano para rescindir y desvincularnos de la mejor forma posible\u201d<\/strong>, sentenci\u00f3 Damiani en di\u00e1logo con La Visera, y remarc\u00f3 que el tema est\u00e1 terminado: <strong>\u201cNo hay vuelta atr\u00e1s con la decisi\u00f3n. Si las declaraciones del Pocho se hubieran limitado nada m\u00e1s a hablar con la Comisi\u00f3n Directiva, podr\u00edamos haberlo indultado, pero el Pocho dio un paso al frente y no se enoj\u00f3 s\u00f3lo con los directivos sino con el entrenador\u201d<\/strong>.<\/p>\n<p>El secretario deportivo cont\u00f3 que <strong>\u201ca Hugo (Moyano) le doli\u00f3 mucho la actitud de Ins\u00faa, sin dejar de reconocer que estaba en su derecho y que no estaba haciendo nada fuera de la ley\u201d<\/strong>. En la misma l\u00ednea, agreg\u00f3 que el presidente del club se sinti\u00f3 traicionado por el jugador: <strong>\u201cLa idea era postergar un mes el pago de estos cheques, pero el hermano los deposit\u00f3 y Hugo lo tom\u00f3 como la traici\u00f3n de un amigo\u201d<\/strong>.<\/p>\n<p>Por otro lado, Damiani no anduvo con vueltas al explicar la ausencia de G\u00f3mez, quien hace varias semanas que no figura en la lista de concentrados. <strong>\u201cDroopy est\u00e1 sufriendo lo que le puede pasar a un chico que dio un salto grande. Cree que est\u00e1 en Disneylandia. Le cuesta la adaptaci\u00f3n y est\u00e1 como en un parque de diversiones, tiene que chocarse contra la pared y reaccionar de que est\u00e1 jugando con la camiseta de Independiente\u201d<\/strong>, se\u00f1al\u00f3.<\/p>\n<p>Sobre el cupo que habilit\u00f3 la AFA para reemplazar a Gabriel Vall\u00e9s, el dirigente revel\u00f3 que Emanuel Aguilera es la prioridad de la dirigencia: <strong>\u201cEstamos tratando de incorporar a Aguilera, sondeamos a Cristian Grabarnik pero el titular de Godoy Cruz se rompi\u00f3 los ligamentos y entonces ayer Aguilera fue titular\u201d<\/strong>. En tanto, explic\u00f3 que si no pueden cerrar la incorporaci\u00f3n del defensor, podr\u00edan esperar unos meses m\u00e1s para negociar: <strong>\u201cVeremos, si no viene Aguilera esperaremos a Diciembre porque no queremos hacer locuras ni malgastar el dinero de Independiente\u201d<\/strong>.<\/p>\n","protected":false},"excerpt":{"rendered":"<p>Jorge Damiani le puso punto final al conflicto con Federico Ins\u00faa y asegur\u00f3 que no jugar\u00e1 m\u00e1s en Independiente. Seg\u00fan el secretario deportivo, las declaraciones del Pocho en contra del entrenador inclinaron la balanza para que el club decidiera rescindirle contrato. Adem\u00e1s, habl\u00f3 de la poca continuidad\u00a0de Rodrigo G\u00f3mez y\u00a0dio detalles del refuerzo que busca [&hellip;]<\/p>\n","protected":false},"author":8,"featured_media":48151,"comment_status":"open","ping_status":"closed","sticky":false,"template":"","format":"standard","meta":{"_links_to":"","_links_to_target":""},"categories":[3,1],"tags":[2446,701,140,2661],"_links":{"self":[{"href":"https:\/\/www.locoxelrojo.com\/independiente\/wp-json\/wp\/v2\/posts\/48149"}],"collection":[{"href":"https:\/\/www.locoxelrojo.com\/independiente\/wp-json\/wp\/v2\/posts"}],"about":[{"href":"https:\/\/www.locoxelrojo.com\/independiente\/wp-json\/wp\/v2\/types\/post"}],"author":[{"embeddable":true,"href":"https:\/\/www.locoxelrojo.com\/independiente\/wp-json\/wp\/v2\/users\/8"}],"replies":[{"embeddable":true,"href":"https:\/\/www.locoxelrojo.com\/independiente\/wp-json\/wp\/v2\/comments?post=48149"}],"version-history":[{"count":0,"href":"https:\/\/www.locoxelrojo.com\/independiente\/wp-json\/wp\/v2\/posts\/48149\/revisions"}],"wp:featuredmedia":[{"embeddable":true,"href":"https:\/\/www.locoxelrojo.com\/independiente\/wp-json\/wp\/v2\/media\/48151"}],"wp:attachment":[{"href":"https:\/\/www.locoxelrojo.com\/independiente\/wp-json\/wp\/v2\/media?parent=48149"}],"wp:term":[{"taxonomy":"category","embeddable":true,"href":"https:\/\/www.locoxelrojo.com\/independiente\/wp-json\/wp\/v2\/categories?post=48149"},{"taxonomy":"post_tag","embeddable":true,"href":"https:\/\/www.locoxelrojo.com\/independiente\/wp-json\/wp\/v2\/tags?post=48149"}],"curies":[{"name":"wp","href":"https:\/\/api.w.org\/{rel}","templated":true}]}}