{"id":48155,"date":"2014-10-21T13:55:22","date_gmt":"2014-10-21T16:55:22","guid":{"rendered":"http:\/\/www.locoxelrojo.com\/independiente\/?p=48155"},"modified":"2014-10-21T15:46:33","modified_gmt":"2014-10-21T18:46:33","slug":"vuelta-sin-el-pocho-y-la-avispa","status":"publish","type":"post","link":"https:\/\/www.locoxelrojo.com\/independiente\/2014\/10\/21\/vuelta-sin-el-pocho-y-la-avispa\/","title":{"rendered":"Vuelta sin el Pocho y la Avispa"},"content":{"rendered":"<p>Independiente volvi\u00f3 a los entrenamientos luego del triunfo en el cl\u00e1sico con San Lorenzo y los dos d\u00edas de descanso que dio Jorge Almir\u00f3n. <strong>Federico Ins\u00faa practic\u00f3 junto a la Reserva mientras que Juli\u00e1n Vel\u00e1zquez no se present\u00f3 y qued\u00f3 en libertad de acci\u00f3n. <\/strong><\/p>\n<p>Este martes el plantel de Independiente regres\u00f3 a las pr\u00e1cticas en el predio de Villa Dom\u00ednico. Atr\u00e1s qued\u00f3 la buena victoria con el Cicl\u00f3n y el Rojo ya piensa en el encuentro con Tigre del s\u00e1bado. <strong>Separados en cuatro grupos, Almir\u00f3n dispuso un circuito que inclu\u00eda trabajos f\u00edsicos con pelota, ejercicios de definici\u00f3n y f\u00fatbol en espacio reducidos. <\/strong><\/p>\n<p>En medio del conflicto con los dirigentes, <strong>Ins\u00faa entren\u00f3 junto a la Reserva, bajo las \u00f3rdenes de Gabriel Milito.<\/strong> Por su parte, <strong>Juli\u00e1n Vel\u00e1zquez no lleg\u00f3 a un acuerdo para renovar su v\u00ednculo y, ya con el alta m\u00e9dica, dej\u00f3 de ser jugador de Independiente.<\/strong><\/p>\n<p><strong>Fabi\u00e1n Monserrat y Leonel Miranda dejaron la Reserva y se movieron nuevamente junto a sus compa\u00f1eros de Primera<\/strong>. De cara al partido con el Matador, <strong>el t\u00e9cnico deber\u00e1 rearmar la defensa, ya que no podr\u00e1 contar con V\u00edctor Cuesta (suspendido) ni con N\u00e9stor Breitenbruch, quien ta comenz\u00f3 con los trabajos de rehabilitaci\u00f3n.<\/strong><\/p>\n","protected":false},"excerpt":{"rendered":"<p>Independiente volvi\u00f3 a los entrenamientos luego del triunfo en el cl\u00e1sico con San Lorenzo y los dos d\u00edas de descanso que dio Jorge Almir\u00f3n. Federico Ins\u00faa practic\u00f3 junto a la Reserva mientras que Juli\u00e1n Vel\u00e1zquez no se present\u00f3 y qued\u00f3 en libertad de acci\u00f3n. Este martes el plantel de Independiente regres\u00f3 a las pr\u00e1cticas en [&hellip;]<\/p>\n","protected":false},"author":1,"featured_media":48156,"comment_status":"open","ping_status":"closed","sticky":false,"template":"","format":"standard","meta":{"_links_to":"","_links_to_target":""},"categories":[3,1],"tags":[26,984,701,2724,32,1347,2646,2754,172],"_links":{"self":[{"href":"https:\/\/www.locoxelrojo.com\/independiente\/wp-json\/wp\/v2\/posts\/48155"}],"collection":[{"href":"https:\/\/www.locoxelrojo.com\/independiente\/wp-json\/wp\/v2\/posts"}],"about":[{"href":"https:\/\/www.locoxelrojo.com\/independiente\/wp-json\/wp\/v2\/types\/post"}],"author":[{"embeddable":true,"href":"https:\/\/www.locoxelrojo.com\/independiente\/wp-json\/wp\/v2\/users\/1"}],"replies":[{"embeddable":true,"href":"https:\/\/www.locoxelrojo.com\/independiente\/wp-json\/wp\/v2\/comments?post=48155"}],"version-history":[{"count":0,"href":"https:\/\/www.locoxelrojo.com\/independiente\/wp-json\/wp\/v2\/posts\/48155\/revisions"}],"wp:featuredmedia":[{"embeddable":true,"href":"https:\/\/www.locoxelrojo.com\/independiente\/wp-json\/wp\/v2\/media\/48156"}],"wp:attachment":[{"href":"https:\/\/www.locoxelrojo.com\/independiente\/wp-json\/wp\/v2\/media?parent=48155"}],"wp:term":[{"taxonomy":"category","embeddable":true,"href":"https:\/\/www.locoxelrojo.com\/independiente\/wp-json\/wp\/v2\/categories?post=48155"},{"taxonomy":"post_tag","embeddable":true,"href":"https:\/\/www.locoxelrojo.com\/independiente\/wp-json\/wp\/v2\/tags?post=48155"}],"curies":[{"name":"wp","href":"https:\/\/api.w.org\/{rel}","templated":true}]}}