{"id":48158,"date":"2014-10-21T14:10:32","date_gmt":"2014-10-21T17:10:32","guid":{"rendered":"http:\/\/www.locoxelrojo.com\/independiente\/?p=48158"},"modified":"2014-10-21T15:47:23","modified_gmt":"2014-10-21T18:47:23","slug":"lucero-me-estoy-adaptando-al-club","status":"publish","type":"post","link":"https:\/\/www.locoxelrojo.com\/independiente\/2014\/10\/21\/lucero-me-estoy-adaptando-al-club\/","title":{"rendered":"Lucero: &#8220;Me estoy adaptando al club&#8221;"},"content":{"rendered":"<p>Juan Mart\u00edn Lucero <strong>se mostr\u00f3 conforme con su rendimiento personal en el partido con San Lorenzo<\/strong>. Tambi\u00e9n, <strong>cont\u00f3 que se siente c\u00f3modo jugando tanto con Sebasti\u00e1n Penco como con Claudio Ria\u00f1o y que todav\u00eda se est\u00e1 adaptando al club<\/strong>.<\/p>\n<p><strong>&#8220;Fue un cambio muy grande en mi carrera, todav\u00eda me estoy adaptando al club&#8221;<\/strong>, manifest\u00f3 el delantero en conferencia de prensa tras la pr\u00e1ctica en Villa Dom\u00ednico. <strong>&#8220;El delantero vive del gol y trato de tener movilidad para poder convertir&#8221;<\/strong>, agreg\u00f3.<\/p>\n<p>En el encuentro con San Lorenzo, Jorge Almir\u00f3n le volvi\u00f3 a dar una nueva chance como titular. <strong>&#8220;Me sent\u00ed muy c\u00f3modo&#8221;<\/strong>, confes\u00f3. En cuanto a su compa\u00f1ero de ataque, explic\u00f3: <strong>&#8220;Con Ria\u00f1o me entend\u00ed bien y con Penco tambi\u00e9n. El DT es el que decide&#8221;<\/strong>.<\/p>\n<p>Para finalizar, realiz\u00f3 un balance sobre el rendimiento del equipo: <strong>&#8220;El balance del otro d\u00eda fue positivo. No sufrimos y generamos mucho. Vamos a seguir buscando sumar y estar ah\u00ed. Queremos mantener el nivel, estamos a pocos puntos y nos estamos preparando para jugar mejor&#8221;<\/strong>.<\/p>\n","protected":false},"excerpt":{"rendered":"<p>Juan Mart\u00edn Lucero se mostr\u00f3 conforme con su rendimiento personal en el partido con San Lorenzo. Tambi\u00e9n, cont\u00f3 que se siente c\u00f3modo jugando tanto con Sebasti\u00e1n Penco como con Claudio Ria\u00f1o y que todav\u00eda se est\u00e1 adaptando al club. &#8220;Fue un cambio muy grande en mi carrera, todav\u00eda me estoy adaptando al club&#8221;, manifest\u00f3 el [&hellip;]<\/p>\n","protected":false},"author":1,"featured_media":48159,"comment_status":"open","ping_status":"closed","sticky":false,"template":"","format":"standard","meta":{"_links_to":"","_links_to_target":""},"categories":[3,1],"tags":[2720],"_links":{"self":[{"href":"https:\/\/www.locoxelrojo.com\/independiente\/wp-json\/wp\/v2\/posts\/48158"}],"collection":[{"href":"https:\/\/www.locoxelrojo.com\/independiente\/wp-json\/wp\/v2\/posts"}],"about":[{"href":"https:\/\/www.locoxelrojo.com\/independiente\/wp-json\/wp\/v2\/types\/post"}],"author":[{"embeddable":true,"href":"https:\/\/www.locoxelrojo.com\/independiente\/wp-json\/wp\/v2\/users\/1"}],"replies":[{"embeddable":true,"href":"https:\/\/www.locoxelrojo.com\/independiente\/wp-json\/wp\/v2\/comments?post=48158"}],"version-history":[{"count":0,"href":"https:\/\/www.locoxelrojo.com\/independiente\/wp-json\/wp\/v2\/posts\/48158\/revisions"}],"wp:featuredmedia":[{"embeddable":true,"href":"https:\/\/www.locoxelrojo.com\/independiente\/wp-json\/wp\/v2\/media\/48159"}],"wp:attachment":[{"href":"https:\/\/www.locoxelrojo.com\/independiente\/wp-json\/wp\/v2\/media?parent=48158"}],"wp:term":[{"taxonomy":"category","embeddable":true,"href":"https:\/\/www.locoxelrojo.com\/independiente\/wp-json\/wp\/v2\/categories?post=48158"},{"taxonomy":"post_tag","embeddable":true,"href":"https:\/\/www.locoxelrojo.com\/independiente\/wp-json\/wp\/v2\/tags?post=48158"}],"curies":[{"name":"wp","href":"https:\/\/api.w.org\/{rel}","templated":true}]}}