{"id":48220,"date":"2014-10-23T16:14:33","date_gmt":"2014-10-23T19:14:33","guid":{"rendered":"http:\/\/www.locoxelrojo.com\/independiente\/?p=48220"},"modified":"2015-10-16T18:24:45","modified_gmt":"2015-10-16T21:24:45","slug":"concentrados-vs-tigre-otra-vez-afuera-rodrigo-gomez","status":"publish","type":"post","link":"https:\/\/www.locoxelrojo.com\/independiente\/2014\/10\/23\/concentrados-vs-tigre-otra-vez-afuera-rodrigo-gomez\/","title":{"rendered":"Concentrados vs. Tigre: otra vez afuera Rodrigo G\u00f3mez"},"content":{"rendered":"<p>Al t\u00e9rmino de la pr\u00e1ctica, Jorge Almir\u00f3n entreg\u00f3 la lista de jugadores concentrados para el encuentro del s\u00e1bado ante Tigre. <strong>A pesar de las bajas por lesi\u00f3n, suspensiones y la salida de Federico Ins\u00faa, nuevamente qued\u00f3 marginado Rodrigo G\u00f3mez.<\/strong><\/p>\n<p><strong>Entre los 20 concentrados, se destaca la vuelta de Franco Bellocq, quien cumpli\u00f3 la fecha de suspensi\u00f3n. Tambi\u00e9n, la presencia del juvenil Rafael Barrios, que luchar\u00e1 por ganarse un lugar entre los suplentes.<\/strong><\/p>\n<p><strong>Nuevamente, qued\u00f3 afuera de la lista Droopy G\u00f3mez. <\/strong>La situaci\u00f3n del ex Argentinos es bastante complicada. A pesar de haber varias bajas por diferentes motivos en el plantel, el entrenador lo tiene marginado y no cuenta con sus servicios tal como lo hac\u00eda en las primeras fechas del torneo.<\/p>\n<p><span style=\"text-decoration: underline;\"><strong>La lista<\/strong><\/span><\/p>\n<p><strong>Arqueros:<\/strong> Diego Rodr\u00edguez, Germ\u00e1n Montoya.<\/p>\n<p><strong>Defensores:<\/strong> Al\u00e9xis Z\u00e1rate, Nicol\u00e1s Figal, Cristian Tula, Sergio Escudero, Lucas Villalba, Sergio Ojeda, Rafael Barrios.<\/p>\n<p><strong>Volantes:<\/strong> Jes\u00fas M\u00e9ndez, Federico Mancuello, Franco Bellocq, Marcelo Vidal, Francisco Pizzini, Daniel Montenegro, Mat\u00edas Pisano.<\/p>\n<p><strong>Delanteros:<\/strong> Juan Mart\u00edn Lucero, Claudio Ria\u00f1o, Mart\u00edn Ben\u00edtez, Sebasti\u00e1n Penco.<\/p>\n","protected":false},"excerpt":{"rendered":"<p>Al t\u00e9rmino de la pr\u00e1ctica, Jorge Almir\u00f3n entreg\u00f3 la lista de jugadores concentrados para el encuentro del s\u00e1bado ante Tigre. A pesar de las bajas por lesi\u00f3n, suspensiones y la salida de Federico Ins\u00faa, nuevamente qued\u00f3 marginado Rodrigo G\u00f3mez. Entre los 20 concentrados, se destaca la vuelta de Franco Bellocq, quien cumpli\u00f3 la fecha de [&hellip;]<\/p>\n","protected":false},"author":1,"featured_media":48221,"comment_status":"open","ping_status":"closed","sticky":false,"template":"","format":"standard","meta":{"_links_to":"","_links_to_target":""},"categories":[3,1],"tags":[153,3029,2751],"_links":{"self":[{"href":"https:\/\/www.locoxelrojo.com\/independiente\/wp-json\/wp\/v2\/posts\/48220"}],"collection":[{"href":"https:\/\/www.locoxelrojo.com\/independiente\/wp-json\/wp\/v2\/posts"}],"about":[{"href":"https:\/\/www.locoxelrojo.com\/independiente\/wp-json\/wp\/v2\/types\/post"}],"author":[{"embeddable":true,"href":"https:\/\/www.locoxelrojo.com\/independiente\/wp-json\/wp\/v2\/users\/1"}],"replies":[{"embeddable":true,"href":"https:\/\/www.locoxelrojo.com\/independiente\/wp-json\/wp\/v2\/comments?post=48220"}],"version-history":[{"count":0,"href":"https:\/\/www.locoxelrojo.com\/independiente\/wp-json\/wp\/v2\/posts\/48220\/revisions"}],"wp:featuredmedia":[{"embeddable":true,"href":"https:\/\/www.locoxelrojo.com\/independiente\/wp-json\/wp\/v2\/media\/48221"}],"wp:attachment":[{"href":"https:\/\/www.locoxelrojo.com\/independiente\/wp-json\/wp\/v2\/media?parent=48220"}],"wp:term":[{"taxonomy":"category","embeddable":true,"href":"https:\/\/www.locoxelrojo.com\/independiente\/wp-json\/wp\/v2\/categories?post=48220"},{"taxonomy":"post_tag","embeddable":true,"href":"https:\/\/www.locoxelrojo.com\/independiente\/wp-json\/wp\/v2\/tags?post=48220"}],"curies":[{"name":"wp","href":"https:\/\/api.w.org\/{rel}","templated":true}]}}