{"id":48315,"date":"2014-10-27T13:53:51","date_gmt":"2014-10-27T16:53:51","guid":{"rendered":"http:\/\/www.locoxelrojo.com\/independiente\/?p=48315"},"modified":"2014-10-28T21:08:17","modified_gmt":"2014-10-29T00:08:17","slug":"maldonado-si-no-podemos-cerrar-con-puma-esta-semana-pasamos-a-otra-empresa","status":"publish","type":"post","link":"https:\/\/www.locoxelrojo.com\/independiente\/2014\/10\/27\/maldonado-si-no-podemos-cerrar-con-puma-esta-semana-pasamos-a-otra-empresa\/","title":{"rendered":"Maldonado: &#8220;Si no podemos cerrar con Puma esta semana, pasamos a otra empresa&#8221;"},"content":{"rendered":"<p>H\u00e9ctor Maldonado, secretario general de Independiente, <strong>expres\u00f3 que esta semana es definitiva para cerrar la marca que vestir\u00e1 a Independiente a partir del 2015<\/strong>. Adem\u00e1s, <strong>confirm\u00f3 que no hay vuelta atr\u00e1s con la decisi\u00f3n que tom\u00f3 la Comisi\u00f3n Directiva con Federico Ins\u00faa y se refiri\u00f3 a la llegada de Emanuel Aguilera<\/strong>.<\/p>\n<p><strong>&#8220;El martes tenemos una reuni\u00f3n con Puma. Si no podemos cerrar el acuerdo esta semana, vamos a pasar a otra empresa. Nunca se habl\u00f3 de plata. Todos queremos cerrar esto, porque es un problema menos&#8221;<\/strong>, explic\u00f3 en di\u00e1logo con Independiente de Am\u00e9rica por Radio El Mundo.<\/p>\n<p>Luego, asegur\u00f3 que <strong>&#8220;el ciclo de Ins\u00faa en Independiente est\u00e1 terminado&#8221;<\/strong> y que en las pr\u00f3ximas horas se van a juntar <strong>&#8220;para arreglar su salida&#8221;<\/strong>. Tambi\u00e9n, aprovech\u00f3 para hablar sobre las renovaciones de Federico Mancuello y Francisco Pizzini: <strong>&#8220;Mancuello firma este lunes la renovaci\u00f3n de su contrato por tres a\u00f1os m\u00e1s. Ojal\u00e1 que venga una oferta importante por \u00e9l, se lo merece. El martes nos reuniremos con el representante de Pizzini para acordar su v\u00ednculo por tres a\u00f1os m\u00e1s. Francisco tiene contrato hasta junio del 2015&#8221;<\/strong>.<\/p>\n<p>Para finalizar, aclar\u00f3 en que condiciones se contrat\u00f3 a Emanuel Aguilera, el defensor de Godoy Cruz que lleg\u00f3 por la lesi\u00f3n de Gabriel Vall\u00e9s. <strong>&#8220;La operaci\u00f3n es por el 50% del pase, que cost\u00f3 300.000 d\u00f3lares. Se empezar\u00eda a pagar reci\u00e9n dentro del a\u00f1o que viene&#8221;<\/strong>, cerr\u00f3.<\/p>\n","protected":false},"excerpt":{"rendered":"<p>H\u00e9ctor Maldonado, secretario general de Independiente, expres\u00f3 que esta semana es definitiva para cerrar la marca que vestir\u00e1 a Independiente a partir del 2015. Adem\u00e1s, confirm\u00f3 que no hay vuelta atr\u00e1s con la decisi\u00f3n que tom\u00f3 la Comisi\u00f3n Directiva con Federico Ins\u00faa y se refiri\u00f3 a la llegada de Emanuel Aguilera. &#8220;El martes tenemos una [&hellip;]<\/p>\n","protected":false},"author":1,"featured_media":48316,"comment_status":"open","ping_status":"closed","sticky":false,"template":"","format":"standard","meta":{"_links_to":"","_links_to_target":""},"categories":[3,4,1],"tags":[2446,48,834,2636,434],"_links":{"self":[{"href":"https:\/\/www.locoxelrojo.com\/independiente\/wp-json\/wp\/v2\/posts\/48315"}],"collection":[{"href":"https:\/\/www.locoxelrojo.com\/independiente\/wp-json\/wp\/v2\/posts"}],"about":[{"href":"https:\/\/www.locoxelrojo.com\/independiente\/wp-json\/wp\/v2\/types\/post"}],"author":[{"embeddable":true,"href":"https:\/\/www.locoxelrojo.com\/independiente\/wp-json\/wp\/v2\/users\/1"}],"replies":[{"embeddable":true,"href":"https:\/\/www.locoxelrojo.com\/independiente\/wp-json\/wp\/v2\/comments?post=48315"}],"version-history":[{"count":0,"href":"https:\/\/www.locoxelrojo.com\/independiente\/wp-json\/wp\/v2\/posts\/48315\/revisions"}],"wp:featuredmedia":[{"embeddable":true,"href":"https:\/\/www.locoxelrojo.com\/independiente\/wp-json\/wp\/v2\/media\/48316"}],"wp:attachment":[{"href":"https:\/\/www.locoxelrojo.com\/independiente\/wp-json\/wp\/v2\/media?parent=48315"}],"wp:term":[{"taxonomy":"category","embeddable":true,"href":"https:\/\/www.locoxelrojo.com\/independiente\/wp-json\/wp\/v2\/categories?post=48315"},{"taxonomy":"post_tag","embeddable":true,"href":"https:\/\/www.locoxelrojo.com\/independiente\/wp-json\/wp\/v2\/tags?post=48315"}],"curies":[{"name":"wp","href":"https:\/\/api.w.org\/{rel}","templated":true}]}}