{"id":48403,"date":"2014-10-30T22:17:05","date_gmt":"2014-10-31T01:17:05","guid":{"rendered":"http:\/\/www.locoxelrojo.com\/independiente\/?p=48403"},"modified":"2014-10-31T02:34:40","modified_gmt":"2014-10-31T05:34:40","slug":"saja-admitio-que-cogorno-presiono-para-perder-ante-quilmes","status":"publish","type":"post","link":"https:\/\/www.locoxelrojo.com\/independiente\/2014\/10\/30\/saja-admitio-que-cogorno-presiono-para-perder-ante-quilmes\/","title":{"rendered":"Saja admiti\u00f3 que Cogorno presion\u00f3 para perder ante Quilmes"},"content":{"rendered":"<p>Ya pas\u00f3 m\u00e1s de un a\u00f1o de aquel 31 de marzo del 2013, <strong>cuando se enfrentaron Quilmes y Racing en un partido importante para la lucha del descenso del Cervecero con Independiente.<\/strong> Aquella victoria del equipo de Omar De Felippe qued\u00f3 bajo un gran manto de sospechas, pero hasta hoy, ning\u00fan protagonista hab\u00eda afirmado que la Academia fue a perder ese encuentro para perjudicar al Rojo. <strong>Sebasti\u00e1n Saja decidi\u00f3 romper\u00a0el silencio y admiti\u00f3 que Gast\u00f3n Cogorno, presidente de Racing en ese entonces, presion\u00f3 al plantel para ir a menos.<\/strong><\/p>\n<p><strong>&#8220;El partido de Quilmes fue el m\u00e1s dif\u00edcil e inc\u00f3modo que me toc\u00f3 jugar&#8221;<\/strong>, expres\u00f3 el arquero en di\u00e1logo con Marca y Presi\u00f3n por TyC Sports.<strong>\u00a0&#8220;\u00bfEs verdad que Cogorno les dijo: &#8216;Ustedes hagan lo que tengan que hacer, pero sepan que si ustedes ganan, tenemos que ir a entrenar a otro lado?'&#8221;<\/strong>, pregunt\u00f3 el conductor Marcelo Palacios. <strong>&#8220;Algo parecido, s\u00ed. Eso nos incomod\u00f3. \u00bfC\u00f3mo te sentir\u00edas vos?&#8221;<\/strong>, respondi\u00f3 Saja.<\/p>\n<p><strong>&#8220;Aquellos jugadores que estuvimos en ese partido saben lo que se sinti\u00f3 y lo que se vivi\u00f3. No fue sencillo. Ese partido no lo gan\u00e1bamos de ninguna manera&#8221;<\/strong>, cerr\u00f3 de forma contundente.<\/p>\n","protected":false},"excerpt":{"rendered":"<p>Ya pas\u00f3 m\u00e1s de un a\u00f1o de aquel 31 de marzo del 2013, cuando se enfrentaron Quilmes y Racing en un partido importante para la lucha del descenso del Cervecero con Independiente. Aquella victoria del equipo de Omar De Felippe qued\u00f3 bajo un gran manto de sospechas, pero hasta hoy, ning\u00fan protagonista hab\u00eda afirmado que [&hellip;]<\/p>\n","protected":false},"author":1,"featured_media":48404,"comment_status":"open","ping_status":"closed","sticky":false,"template":"","format":"standard","meta":{"_links_to":"","_links_to_target":""},"categories":[3,1],"tags":[153,666,1994,1367],"_links":{"self":[{"href":"https:\/\/www.locoxelrojo.com\/independiente\/wp-json\/wp\/v2\/posts\/48403"}],"collection":[{"href":"https:\/\/www.locoxelrojo.com\/independiente\/wp-json\/wp\/v2\/posts"}],"about":[{"href":"https:\/\/www.locoxelrojo.com\/independiente\/wp-json\/wp\/v2\/types\/post"}],"author":[{"embeddable":true,"href":"https:\/\/www.locoxelrojo.com\/independiente\/wp-json\/wp\/v2\/users\/1"}],"replies":[{"embeddable":true,"href":"https:\/\/www.locoxelrojo.com\/independiente\/wp-json\/wp\/v2\/comments?post=48403"}],"version-history":[{"count":0,"href":"https:\/\/www.locoxelrojo.com\/independiente\/wp-json\/wp\/v2\/posts\/48403\/revisions"}],"wp:featuredmedia":[{"embeddable":true,"href":"https:\/\/www.locoxelrojo.com\/independiente\/wp-json\/wp\/v2\/media\/48404"}],"wp:attachment":[{"href":"https:\/\/www.locoxelrojo.com\/independiente\/wp-json\/wp\/v2\/media?parent=48403"}],"wp:term":[{"taxonomy":"category","embeddable":true,"href":"https:\/\/www.locoxelrojo.com\/independiente\/wp-json\/wp\/v2\/categories?post=48403"},{"taxonomy":"post_tag","embeddable":true,"href":"https:\/\/www.locoxelrojo.com\/independiente\/wp-json\/wp\/v2\/tags?post=48403"}],"curies":[{"name":"wp","href":"https:\/\/api.w.org\/{rel}","templated":true}]}}