{"id":48743,"date":"2014-11-14T20:30:06","date_gmt":"2014-11-14T23:30:06","guid":{"rendered":"http:\/\/www.locoxelrojo.com\/independiente\/?p=48743"},"modified":"2014-11-14T21:21:50","modified_gmt":"2014-11-15T00:21:50","slug":"mancuello-no-recuerdo-ni-siquiera-los-momentos-que-estuve-en-cancha","status":"publish","type":"post","link":"https:\/\/www.locoxelrojo.com\/independiente\/2014\/11\/14\/mancuello-no-recuerdo-ni-siquiera-los-momentos-que-estuve-en-cancha\/","title":{"rendered":"Mancuello: \u201cNo recuerdo ni siquiera los momentos que estuve en cancha\u201d"},"content":{"rendered":"<p><strong>Federico Mancuello<\/strong> cont\u00f3 sus sensaciones\u00a0despu\u00e9s del dur\u00edsimo golpe que lo oblig\u00f3 a abandonar el partido ante Arsenal. El capit\u00e1n choc\u00f3\u00a0con Mat\u00edas Sarulyte y sufri\u00f3 un traumatismo cr\u00e1neo-facial, con p\u00e9rdida parcial del conocimiento. Si bien no se acuerda del golpe ni de lo que sucedi\u00f3 en el partido, fue dado de alta y\u00a0<strong>ya se encuentra en su casa descansando y pensando en lo se le viene a Independiente en el campeonato<\/strong>.<\/p>\n<p><strong>\u201cPas\u00e9 una noche tranquila, sin recordar muchas cosas, pero pude descansar as\u00ed que ahora estoy un poco mejor. No pude ver im\u00e1genes todav\u00eda del partido, me recomendaron que no lo haga. Me dijeron que est\u00e9 tranquilo y no trate de recordar si no pod\u00eda, que con el tiempo iba a poder\u201d<\/strong>, coment\u00f3\u00a0Mancuello en di\u00e1logo con\u00a0Radio La Red.<\/p>\n<p>Consultado sobre las palabras que le dijo al m\u00e9dico Luis Chiarad\u00eda mientras era trasladado al sanatorio, el volante explic\u00f3 que tampoco recuerda ese momento:\u00a0<strong>\u201cMe dijeron que yo estaba enojado con \u00e9l porque me sacaba y no me dejaba jugar, pero yo no me acuerdo. No tengo memoria ni im\u00e1genes de ese momento. Por ah\u00ed era el deseo de antes de empezar el partido que me hizo decir eso, pero no recuerdo\u201d<\/strong>.<\/p>\n<p>Por otro lado, Mancuello cont\u00f3 que Sarulyte se comunic\u00f3 con \u00e9l para disculparse por el golpe. <strong>\u201cMe llam\u00f3 Mat\u00edas. Hab\u00edamos compartido la Sub 20, hoy habl\u00e9 con \u00e9l y le dije que se quede tranquilo, que son jugadas de partido\u201d<\/strong>, expres\u00f3, y enseguida agradeci\u00f3 el aliento que recibi\u00f3 despu\u00e9s de su lesi\u00f3n:\u00a0<strong>\u201cQuer\u00eda agradecer los mensajes de apoyo y todos los que se preocuparon. Me llegaron mensajes de hinchas de varios equipos, no s\u00f3lo de Independiente. Son las cosas que uno se va a llevar el d\u00eda de ma\u00f1ana, el reconocimiento de la gente\u201d<\/strong>.<\/p>\n<p>Finalmente, el capit\u00e1n habl\u00f3 sobre las chances del Rojo de pelear el torneo, teniendo en cuenta que desaprovech\u00f3 una gran chance con\u00a0el empate en Sarand\u00ed. <strong>\u201cTenemos que pensar en nosotros. Del partido con Arsenal no puedo hablar porque no pude ver las im\u00e1genes y no recuerdo ni siquiera los momentos que estuve en cancha, pero el deseo nuestro es pelear arriba. Si puedo estar adentro, mejor\u201d<\/strong>. En la misma l\u00ednea, agreg\u00f3\u00a0que el plantel tiene\u00a0<strong>\u201cel objetivo de ganar todos los partidos de ac\u00e1 al final para pelear arriba\u201d<\/strong>.<\/p>\n","protected":false},"excerpt":{"rendered":"<p>Federico Mancuello cont\u00f3 sus sensaciones\u00a0despu\u00e9s del dur\u00edsimo golpe que lo oblig\u00f3 a abandonar el partido ante Arsenal. El capit\u00e1n choc\u00f3\u00a0con Mat\u00edas Sarulyte y sufri\u00f3 un traumatismo cr\u00e1neo-facial, con p\u00e9rdida parcial del conocimiento. Si bien no se acuerda del golpe ni de lo que sucedi\u00f3 en el partido, fue dado de alta y\u00a0ya se encuentra en [&hellip;]<\/p>\n","protected":false},"author":8,"featured_media":48744,"comment_status":"open","ping_status":"closed","sticky":false,"template":"","format":"standard","meta":{"_links_to":"","_links_to_target":""},"categories":[3,1],"tags":[1099,48,2751],"_links":{"self":[{"href":"https:\/\/www.locoxelrojo.com\/independiente\/wp-json\/wp\/v2\/posts\/48743"}],"collection":[{"href":"https:\/\/www.locoxelrojo.com\/independiente\/wp-json\/wp\/v2\/posts"}],"about":[{"href":"https:\/\/www.locoxelrojo.com\/independiente\/wp-json\/wp\/v2\/types\/post"}],"author":[{"embeddable":true,"href":"https:\/\/www.locoxelrojo.com\/independiente\/wp-json\/wp\/v2\/users\/8"}],"replies":[{"embeddable":true,"href":"https:\/\/www.locoxelrojo.com\/independiente\/wp-json\/wp\/v2\/comments?post=48743"}],"version-history":[{"count":0,"href":"https:\/\/www.locoxelrojo.com\/independiente\/wp-json\/wp\/v2\/posts\/48743\/revisions"}],"wp:featuredmedia":[{"embeddable":true,"href":"https:\/\/www.locoxelrojo.com\/independiente\/wp-json\/wp\/v2\/media\/48744"}],"wp:attachment":[{"href":"https:\/\/www.locoxelrojo.com\/independiente\/wp-json\/wp\/v2\/media?parent=48743"}],"wp:term":[{"taxonomy":"category","embeddable":true,"href":"https:\/\/www.locoxelrojo.com\/independiente\/wp-json\/wp\/v2\/categories?post=48743"},{"taxonomy":"post_tag","embeddable":true,"href":"https:\/\/www.locoxelrojo.com\/independiente\/wp-json\/wp\/v2\/tags?post=48743"}],"curies":[{"name":"wp","href":"https:\/\/api.w.org\/{rel}","templated":true}]}}